{"id":101237,"date":"2025-02-13T15:47:00","date_gmt":"2025-02-13T14:47:00","guid":{"rendered":"https:\/\/econostrum.info\/suisse\/?p=101237"},"modified":"2025-02-13T14:26:23","modified_gmt":"2025-02-13T13:26:23","slug":"meteo-suisse-previsions-vacances-fevrier","status":"publish","type":"post","link":"https:\/\/econostrum.info\/suisse\/meteo-suisse-previsions-vacances-fevrier\/","title":{"rendered":"M\u00e9t\u00e9o en Suisse : voici les pr\u00e9visions pour les vacances de f\u00e9vrier"},"content":{"rendered":"\n<p>Depuis lundi, la Suisse romande a connu une <strong>semaine morose<\/strong>, avec du <strong>brouillard, de la bise et de la pluie<\/strong>. Le soleil a brill\u00e9 par son absence, plongeant la r\u00e9gion dans une atmosph\u00e8re grise et humide. Aujourd\u2019hui, une <strong>nouvelle perturbation<\/strong> traverse la r\u00e9gion, apportant un <strong>refroidissement notable<\/strong> et des <strong>pr\u00e9cipitations<\/strong> qui concernent particuli\u00e8rement les reliefs.<\/p>\n\n\n\n<p>Cette situation m\u00e9t\u00e9orologique intervient alors que les <strong>vacances scolaires<\/strong> de f\u00e9vrier d\u00e9butent. Toutefois, les cong\u00e9s varient selon les cantons, ce qui signifie que tous ne b\u00e9n\u00e9ficieront pas des m\u00eames conditions climatiques.<\/p>\n\n\n\n<h2 class=\"wp-block-heading\">Un \u00e9pisode neigeux suivi d\u2019un week-end ensoleill\u00e9<\/h2>\n\n\n\n<p>Aujourd\u2019hui, une nouvelle <strong>perturbation<\/strong> apporte des <strong>pr\u00e9cipitations<\/strong> sur la Suisse romande. Selon <a href=\"https:\/\/meteonews.ch\/fr\/Carte_meteo\/CCH\/Suisse\" target=\"_blank\" rel=\"noopener\"><em>MeteoNews<\/em><\/a>, on attend entre <strong>15 et 30 centim\u00e8tres de neige<\/strong> au-dessus de <strong>1 800 m\u00e8tres<\/strong>, tandis qu\u2019en plaine, les temp\u00e9ratures oscilleront entre <strong>7 et 9 degr\u00e9s<\/strong>. Malgr\u00e9 un enneigement inf\u00e9rieur aux normes saisonni\u00e8res, la <strong>neige fra\u00eeche<\/strong> est une bonne nouvelle pour les skieurs. \u00ab <em>L&rsquo;enneigement reste toutefois encore bon pour skier dans les Alpes, notamment dans les Alpes valaisannes <\/em>\u00bb, pr\u00e9cise, selon <em>Blick<\/em>, Vincent Devantay, pr\u00e9visionniste chez <em>MeteoNews<\/em>.<\/p>\n\n\n\n<p>D\u00e8s demain, le <strong>soleil reviendra rapidement<\/strong>, particuli\u00e8rement dans <a href=\"https:\/\/econostrum.info\/suisse\/boom-immobilier-alpes-suisses-ambitions\/\" data-type=\"post\" data-id=\"100472\">les <strong>Alpes<\/strong><\/a><strong> et sur le bassin l\u00e9manique<\/strong>. Ce changement offrira un <strong>week-end id\u00e9al<\/strong> pour les amateurs de sports d\u2019hiver. Toutefois, une <strong>baisse des temp\u00e9ratures de 5 \u00e0 10 degr\u00e9s<\/strong> est attendue entre aujourd\u2019hui et demain, marquant une transition vers un temps plus froid mais plus stable.<\/p>\n\n\n\n<p>Samedi matin, un <strong>stratus atteindra 1 200 m\u00e8tres<\/strong>, accompagn\u00e9 d\u2019une <strong>bise mod\u00e9r\u00e9e<\/strong> qui soufflera en plaine. Cependant, ces <strong>grisailles matinales se dissiperont<\/strong> progressivement, laissant place \u00e0 un ciel d\u00e9gag\u00e9 en altitude. Les temp\u00e9ratures atteindront <strong>5 degr\u00e9s sur le Plateau<\/strong> et <strong>9 degr\u00e9s en Valais<\/strong>, des conditions id\u00e9ales pour profiter des pistes enneig\u00e9es. Dimanche matin, quelques <strong>bancs de brouillard<\/strong> pourraient encore \u00eatre pr\u00e9sents en plaine, mais ils se dissiperont rapidement, laissant place \u00e0 un <strong>ciel ensoleill\u00e9 avec quelques nuages dispers\u00e9s<\/strong>.<\/p>\n\n\n\n<h2 class=\"wp-block-heading\">Des conditions m\u00e9t\u00e9o id\u00e9ales pour les rel\u00e2ches vaudoises<\/h2>\n\n\n\n<p>D\u00e8s samedi, une <strong>p\u00e9riode anticyclonique<\/strong> s\u2019installe sur la r\u00e9gion. Ce ph\u00e9nom\u00e8ne m\u00e9t\u00e9orologique, caract\u00e9ris\u00e9 par des <strong>hautes pressions<\/strong>, emp\u00eache l\u2019arriv\u00e9e de nouvelles perturbations et favorise un <strong>temps sec et ensoleill\u00e9<\/strong>. Cette situation profite particuli\u00e8rement aux <strong>Vaudois<\/strong>, qui entament leurs vacances d\u00e8s demain, <strong>vendredi 14 f\u00e9vrier<\/strong>.<\/p>\n\n\n\n<p>Pour les amateurs de sports d\u2019hiver, ces conditions sont <strong>parfaites<\/strong> : <strong>neige fra\u00eeche, ciel d\u00e9gag\u00e9 et temp\u00e9ratures stables<\/strong>. \u00ab <em>Les conditions dans les Alpes, et en Suisse en g\u00e9n\u00e9ral, seront excellentes pour les personnes en vacances la semaine prochaine !<\/em> \u00bb, se r\u00e9jouit<strong> <\/strong>Vincent Devantay. La situation m\u00e9t\u00e9orologique devrait ainsi permettre aux vacanciers de profiter pleinement des pistes et des paysages enneig\u00e9s.<\/p>\n\n\n\n<h2 class=\"wp-block-heading\">Une incertitude pour les autres cantons<\/h2>\n\n\n\n<p>Si les <strong>Vaudois<\/strong> b\u00e9n\u00e9ficient d\u2019une m\u00e9t\u00e9o favorable, l\u2019incertitude demeure pour les autres cantons. Les <strong>cantons du Jura et de Neuch\u00e2tel<\/strong> devront attendre le <strong>22 f\u00e9vrier<\/strong> pour d\u00e9buter leurs cong\u00e9s, tandis que <strong>Fribourg et le Valais<\/strong> ne seront en vacances qu\u2019\u00e0 partir du <strong>1\u1d49\u02b3 mars<\/strong>.<\/p>\n\n\n\n<p>D\u00e8s le <strong>20 f\u00e9vrier<\/strong>, un <strong>changement de situation<\/strong> pourrait s\u2019op\u00e9rer. Une <strong>zone d\u00e9pressionnaire<\/strong> situ\u00e9e sur le <strong>proche Atlantique<\/strong> risque d\u2019entra\u00eener un <strong>l\u00e9ger courant de sud-ouest<\/strong> sur les <strong>Alpes suisses<\/strong>, pouvant provoquer un <strong>temps plus variable avec des pr\u00e9cipitations possibles<\/strong>.<\/p>\n\n\n\n<p>Ainsi, si <strong>le soleil et la douceur sont garantis<\/strong> pour les <strong>Vaudois<\/strong>, la <strong>m\u00e9t\u00e9o pourrait \u00eatre plus capricieuse<\/strong> pour les cantons dont les vacances d\u00e9buteront plus tard. <strong>Un retournement de situation reste possible<\/strong>, et le soleil pourrait encore <strong>faire de la r\u00e9sistance<\/strong>, mais l\u2019\u00e9volution des conditions reste incertaine.<\/p>\n","protected":false},"excerpt":{"rendered":"<p>Apr\u00e8s une semaine marqu\u00e9e par la grisaille, la m\u00e9t\u00e9o s\u2019am\u00e9liore en Suisse romande, offrant des conditions parfaites pour les amateurs de sports d\u2019hiver. Tandis que les Vaudois d\u00e9butent leurs rel\u00e2ches sous le soleil, les autres cantons devront patienter avec une m\u00e9t\u00e9o plus incertaine.<\/p>\n","protected":false},"author":37,"featured_media":101241,"comment_status":"open","ping_status":"closed","sticky":false,"template":"","format":"standard","meta":{"footnotes":""},"categories":[19],"tags":[],"class_list":["post-101237","post","type-post","status-publish","format-standard","has-post-thumbnail","hentry","category-meteo","generate-columns","tablet-grid-50","mobile-grid-100","grid-parent","grid-33","no-featured-image-padding"],"_links":{"self":[{"href":"https:\/\/econostrum.info\/suisse\/wp-json\/wp\/v2\/posts\/101237","targetHints":{"allow":["GET"]}}],"collection":[{"href":"https:\/\/econostrum.info\/suisse\/wp-json\/wp\/v2\/posts"}],"about":[{"href":"https:\/\/econostrum.info\/suisse\/wp-json\/wp\/v2\/types\/post"}],"author":[{"embeddable":true,"href":"https:\/\/econostrum.info\/suisse\/wp-json\/wp\/v2\/users\/37"}],"replies":[{"embeddable":true,"href":"https:\/\/econostrum.info\/suisse\/wp-json\/wp\/v2\/comments?post=101237"}],"version-history":[{"count":0,"href":"https:\/\/econostrum.info\/suisse\/wp-json\/wp\/v2\/posts\/101237\/revisions"}],"wp:featuredmedia":[{"embeddable":true,"href":"https:\/\/econostrum.info\/suisse\/wp-json\/wp\/v2\/media\/101241"}],"wp:attachment":[{"href":"https:\/\/econostrum.info\/suisse\/wp-json\/wp\/v2\/media?parent=101237"}],"wp:term":[{"taxonomy":"category","embeddable":true,"href":"https:\/\/econostrum.info\/suisse\/wp-json\/wp\/v2\/categories?post=101237"},{"taxonomy":"post_tag","embeddable":true,"href":"https:\/\/econostrum.info\/suisse\/wp-json\/wp\/v2\/tags?post=101237"}],"curies":[{"name":"wp","href":"https:\/\/api.w.org\/{rel}","templated":true}]}}