{"id":101211,"date":"2025-02-12T18:30:00","date_gmt":"2025-02-12T17:30:00","guid":{"rendered":"https:\/\/econostrum.info\/suisse\/?p=101211"},"modified":"2025-02-12T15:45:43","modified_gmt":"2025-02-12T14:45:43","slug":"scott-rachetee-youngone-fin-bataille-juridique","status":"publish","type":"post","link":"https:\/\/econostrum.info\/suisse\/scott-rachetee-youngone-fin-bataille-juridique\/","title":{"rendered":"Scott rachet\u00e9e par le groupe sud-cor\u00e9en Youngone apr\u00e8s la fin d&rsquo;une bataille juridique"},"content":{"rendered":"\n<p>La soci\u00e9t\u00e9 suisse Scott, fond\u00e9e en 1958 et sp\u00e9cialis\u00e9e dans les \u00e9quipements de v\u00e9lo et de ski, a longtemps \u00e9t\u00e9 dirig\u00e9e par <strong>Beat Zaugg<\/strong>, son directeur historique. Toutefois, \u00e0 partir de 2013, un partenariat avec le groupe cor\u00e9en <strong>Youngone<\/strong>, d\u00e9j\u00e0 acteur dans le secteur des v\u00eatements de sport et des \u00e9quipements, a profond\u00e9ment modifi\u00e9 l\u2019\u00e9quilibre de l&rsquo;entreprise. Le groupe sud-cor\u00e9en est progressivement devenu un actionnaire majeur, jusqu&rsquo;\u00e0 d\u00e9tenir <strong>50,01 % des parts de Scott<\/strong> en 2022, bien que Zaugg reste actionnaire avec<strong> 47 %<\/strong> jusqu\u2019\u00e0 r\u00e9cemment.<\/p>\n\n\n\n<p>Ce partenariat, au d\u00e9part harmonieux, a d\u00e9g\u00e9n\u00e9r\u00e9 en un conflit majeur, avec des divergences profondes sur la strat\u00e9gie et la gestion de l&rsquo;entreprise. En 2022, les tensions sont mont\u00e9es d&rsquo;un cran, et une bataille juridique s&rsquo;est engag\u00e9e sur des accusations de violations de <strong>pactes d&rsquo;actionnaires<\/strong>. Youngone a alors engag\u00e9 une proc\u00e9dure contre Zaugg pour des comportements jug\u00e9s contraires aux engagements pris. <strong>Zaugg a \u00e9t\u00e9 accus\u00e9 d\u2019avoir viol\u00e9 un pacte d\u2019actionnaires<\/strong>, ce qui a donn\u00e9 lieu \u00e0 une s\u00e9rie de proc\u00e9dures judiciaires complexes. C\u2019est ainsi que le 6 f\u00e9vrier 2024, un <strong>tribunal arbitral de la Chambre de commerce internationale (CCI) de Paris<\/strong> a statu\u00e9 en faveur de Youngone, autorisant le groupe \u00e0 racheter les 47 % des parts d\u00e9tenus par Zaugg.<\/p>\n\n\n\n<h2 class=\"wp-block-heading\">Le verdict du tribunal : une victoire strat\u00e9gique pour Youngone<\/h2>\n\n\n\n<p>Le tribunal arbitral a estim\u00e9 que <strong>Beat Zaugg avait enfreint les termes de son contrat d\u2019actionnariat<\/strong> avec Youngone. Cette d\u00e9cision permet \u00e0 <strong>Youngone de prendre le contr\u00f4le total de Scott<\/strong>. Un coup dur pour Zaugg, qui non seulement perd la gestion de l\u2019entreprise, mais doit aussi verser des <strong>dommages et int\u00e9r\u00eats pour violation des accords<\/strong>.<\/p>\n\n\n\n<p>La d\u00e9cision du tribunal donne ainsi \u00e0 Youngone la possibilit\u00e9 de racheter les parts de Zaugg \u00e0 un prix fix\u00e9 par un <strong>tribunal de Paris<\/strong>. Ce dernier a \u00e9galement valid\u00e9 un dispositif permettant \u00e0 Zaugg de ne pas conserver d\u2019influence strat\u00e9gique, tout en r\u00e9duisant ses possibilit\u00e9s d&rsquo;entrer en comp\u00e9tition avec Scott dans les ann\u00e9es \u00e0 venir.<\/p>\n\n\n\n<p>Le groupe Youngone, d\u00e9sormais <strong>propri\u00e9taire \u00e0 100 % de Scott<\/strong>, a exprim\u00e9 sa volont\u00e9 de poursuivre la croissance de la marque suisse, en continuant \u00e0 d\u00e9velopper ses activit\u00e9s dans le secteur du v\u00e9lo et <a href=\"https:\/\/econostrum.info\/suisse\/stations-de-ski-moins-cheres-suisse-meilleur-prix\/\" data-type=\"post\" data-id=\"101107\">du ski<\/a>, deux domaines majeurs pour l&rsquo;entreprise. Mais la bataille juridique et les tensions internes ont eu un impact consid\u00e9rable sur la stabilit\u00e9 de l&rsquo;entreprise.<\/p>\n\n\n\n<h2 class=\"wp-block-heading\">Le d\u00e9part de Beat Zaugg et l\u2019\u00e8re nouvelle pour Scott<\/h2>\n\n\n\n<p>La <strong>destitution de Beat Zaugg en 2023<\/strong> en tant que CEO, apr\u00e8s une s\u00e9rie de diff\u00e9rends avec les actionnaires, symbolise le d\u00e9but d&rsquo;une nouvelle \u00e8re pour Scott. La soci\u00e9t\u00e9 est d\u00e9sormais dirig\u00e9e par un duo de dirigeants, <strong>Juwon Kim<\/strong>, repr\u00e9sentant de Youngone, et <strong>Pascal Ducrot<\/strong>, un v\u00e9t\u00e9ran de la marque. Cette nouvelle \u00e9quipe dirigeante devrait prendre les r\u00eanes de l\u2019entreprise alors que la marque suisse se cherche une nouvelle stabilit\u00e9, tant au niveau strat\u00e9gique que financier.<\/p>\n\n\n\n<p>Pour les <strong>employ\u00e9s de Scott<\/strong>, principalement bas\u00e9s \u00e0 Givisiez, cette transition devrait offrir un certain soulagement apr\u00e8s des ann\u00e9es de tensions et de gestion instable. L\u2019entreprise emploie environ 400 personnes \u00e0 Givisiez, un site cl\u00e9 dans le d\u00e9veloppement et la fabrication des produits. La perspective d\u2019une direction plus stable pourrait \u00e9galement redonner confiance \u00e0 un secteur, celui du v\u00e9lo, qui a vu ses ventes stagner apr\u00e8s l\u2019engouement suscit\u00e9 par la pand\u00e9mie de Covid-19.<\/p>\n\n\n\n<h2 class=\"wp-block-heading\">L\u2019avenir de Scott face \u00e0 un march\u00e9 du v\u00e9lo en d\u00e9clin<\/h2>\n\n\n\n<p>Alors que Scott a surv\u00e9cu \u00e0 des turbulences internes majeures, le futur de l\u2019entreprise reste incertain dans un contexte \u00e9conomique mondial difficile. Le <strong>secteur du v\u00e9lo<\/strong>, apr\u00e8s avoir connu un essor massif pendant la pand\u00e9mie, traverse actuellement une p\u00e9riode difficile, avec une <strong>demande en forte baisse<\/strong> et une <strong>concurrence exacerb\u00e9e<\/strong>.<\/p>\n\n\n\n<p>En 2024, bien que Scott se redresse sous cette nouvelle direction, <strong>les analystes estiment qu\u2019un redressement du march\u00e9 du v\u00e9lo ne devrait intervenir qu\u2019en 2026<\/strong>, un horizon qui semble lointain. Dans ce contexte, Scott devra faire preuve d\u2019une grande agilit\u00e9 pour s\u2019adapter aux fluctuations du march\u00e9 et aux attentes des consommateurs. Le redressement de l&rsquo;entreprise sera crucial pour sa p\u00e9rennit\u00e9 dans l\u2019un des secteurs les plus comp\u00e9titifs du march\u00e9 sportif.<\/p>\n","protected":false},"excerpt":{"rendered":"<p>Scott, la c\u00e9l\u00e8bre marque suisse d\u2019\u00e9quipements sportifs, change une nouvelle fois de mains. Apr\u00e8s plusieurs ann\u00e9es de tensions internes, la moiti\u00e9 de l\u2019entreprise est vendue au groupe sud-cor\u00e9en Youngone, suite \u00e0 une d\u00e9cision d\u2019un tribunal arbitral international. Ce verdict met fin \u00e0 un conflit juridique qui dure depuis 2022, marquant un tournant dans l\u2019histoire de Scott.<\/p>\n","protected":false},"author":37,"featured_media":101213,"comment_status":"open","ping_status":"closed","sticky":false,"template":"","format":"standard","meta":{"footnotes":""},"categories":[15],"tags":[],"class_list":["post-101211","post","type-post","status-publish","format-standard","has-post-thumbnail","hentry","category-entreprise","generate-columns","tablet-grid-50","mobile-grid-100","grid-parent","grid-33","no-featured-image-padding"],"_links":{"self":[{"href":"https:\/\/econostrum.info\/suisse\/wp-json\/wp\/v2\/posts\/101211","targetHints":{"allow":["GET"]}}],"collection":[{"href":"https:\/\/econostrum.info\/suisse\/wp-json\/wp\/v2\/posts"}],"about":[{"href":"https:\/\/econostrum.info\/suisse\/wp-json\/wp\/v2\/types\/post"}],"author":[{"embeddable":true,"href":"https:\/\/econostrum.info\/suisse\/wp-json\/wp\/v2\/users\/37"}],"replies":[{"embeddable":true,"href":"https:\/\/econostrum.info\/suisse\/wp-json\/wp\/v2\/comments?post=101211"}],"version-history":[{"count":0,"href":"https:\/\/econostrum.info\/suisse\/wp-json\/wp\/v2\/posts\/101211\/revisions"}],"wp:featuredmedia":[{"embeddable":true,"href":"https:\/\/econostrum.info\/suisse\/wp-json\/wp\/v2\/media\/101213"}],"wp:attachment":[{"href":"https:\/\/econostrum.info\/suisse\/wp-json\/wp\/v2\/media?parent=101211"}],"wp:term":[{"taxonomy":"category","embeddable":true,"href":"https:\/\/econostrum.info\/suisse\/wp-json\/wp\/v2\/categories?post=101211"},{"taxonomy":"post_tag","embeddable":true,"href":"https:\/\/econostrum.info\/suisse\/wp-json\/wp\/v2\/tags?post=101211"}],"curies":[{"name":"wp","href":"https:\/\/api.w.org\/{rel}","templated":true}]}}