{"id":101157,"date":"2025-02-12T13:47:52","date_gmt":"2025-02-12T12:47:52","guid":{"rendered":"https:\/\/econostrum.info\/suisse\/?p=101157"},"modified":"2025-02-12T13:47:54","modified_gmt":"2025-02-12T12:47:54","slug":"proprietaires-suisses-sous-menace-trump-hausse-taux-interet","status":"publish","type":"post","link":"https:\/\/econostrum.info\/suisse\/proprietaires-suisses-sous-menace-trump-hausse-taux-interet\/","title":{"rendered":"Les propri\u00e9taires suisses sous la menace du \u00ab chaos Trump \u00bb et de la hausse des taux d\u2019int\u00e9r\u00eat"},"content":{"rendered":"\n<p><strong>Donald Trump devait lancer une guerre commerciale<\/strong> cette semaine en annon\u00e7ant des droits de douane contre <strong>le Canada et le Mexique<\/strong>, promettant des \u00ab r\u00e9sultats spectaculaires \u00bb. Mais rien ne s\u2019est d\u00e9roul\u00e9 comme pr\u00e9vu. <strong>Face aux tensions diplomatiques<\/strong>, le pr\u00e9sident mexicain <strong>Claudia Sheinbaum<\/strong> a menac\u00e9 de repr\u00e9sailles, tandis que <strong>Justin Trudeau<\/strong> a appel\u00e9 au boycott des produits am\u00e9ricains. M\u00eame en <strong>Pologne<\/strong>, <strong>Donald Tusk<\/strong> a jug\u00e9 ces mesures \u00ab inutiles et stupides \u00bb. Dans ce climat chaotique, Trump a finalement <strong>fait volte-face<\/strong>, suspendant ces d\u00e9cisions pendant un mois. <\/p>\n\n\n\n<p>Les tensions \u00e9conomiques actuelles ne sont pas un ph\u00e9nom\u00e8ne isol\u00e9. Elles s\u2019inscrivent dans un <strong>cycle de crises remontant \u00e0 2007<\/strong>, lorsque la bulle immobili\u00e8re a \u00e9clat\u00e9, entra\u00eenant la <strong>faillite de plusieurs banques<\/strong> et <strong>des millions de pertes pour les m\u00e9nages<\/strong>. Steve Bannon, ancien strat\u00e8ge de Trump, estime que cette instabilit\u00e9 est le r\u00e9sultat d\u2019un<strong> syst\u00e8me injuste qui profite \u00e0 une \u00e9lite financi\u00e8re rest\u00e9e impunie<\/strong>. Pour lui, la politique protectionniste de Trump vise \u00e0 r\u00e9\u00e9quilibrer ce d\u00e9sordre, mais ses d\u00e9cisions brutales risquent d\u2019aggraver la volatilit\u00e9 \u00e9conomique.<\/p>\n\n\n\n<h2 class=\"wp-block-heading\"><strong>Le franc suisse, une valeur refuge fragilis\u00e9e<\/strong><\/h2>\n\n\n\n<p>Lors des pr\u00e9c\u00e9dentes crises, la Suisse a toujours b\u00e9n\u00e9fici\u00e9 de son statut de <strong>valeur refuge<\/strong>. En p\u00e9riode d\u2019incertitude, les investisseurs se tournaient vers le <strong>franc suisse<\/strong>, provoquant une appr\u00e9ciation de la monnaie face \u00e0 l\u2019euro et au dollar. Ce ph\u00e9nom\u00e8ne s\u2019est v\u00e9rifi\u00e9 lors de la <strong>crise financi\u00e8re de 2008<\/strong>, de la <strong>crise de l\u2019euro<\/strong>, mais aussi pendant la <strong>pand\u00e9mie de Covid-19<\/strong> et la <strong>guerre en Ukraine<\/strong>.<\/p>\n\n\n\n<p>Or, selon <strong>Karsten Junius<\/strong>, \u00e9conomiste en chef de la banque <strong>J. Safra Sarasin<\/strong>, <strong>cette tendance pourrait ne pas se r\u00e9p\u00e9ter cette fois-ci<\/strong>. Il explique que la Suisse, <strong>tout comme <a href=\"https:\/\/econostrum.info\/suisse\/suisse-union-europeenne-1-milliard-deuros\/\" data-type=\"post\" data-id=\"5423\">l\u2019Union europ\u00e9enne<\/a><\/strong>, pourrait \u00eatre frapp\u00e9e par de nouveaux <strong>droits de douane<\/strong> impos\u00e9s par <strong>Trump<\/strong>. Cependant, \u00e0 la diff\u00e9rence de l\u2019UE, la <strong>Suisse dispose d\u2019un march\u00e9 int\u00e9rieur plus r\u00e9duit<\/strong> et d\u2019un <strong>pouvoir de n\u00e9gociation plus faible<\/strong>. Cette <strong>vuln\u00e9rabilit\u00e9<\/strong> pourrait emp\u00eacher le franc suisse de s\u2019appr\u00e9cier comme par le pass\u00e9, limitant son r\u00f4le protecteur.<\/p>\n\n\n\n<h2 class=\"wp-block-heading\"><strong>Une hausse des taux d\u2019int\u00e9r\u00eat qui inqui\u00e8te les propri\u00e9taires<\/strong><\/h2>\n\n\n\n<p>Si <strong>Trump applique sa politique de hausse des droits de douane<\/strong>, <strong>les tensions \u00e9conomiques<\/strong> pourraient entra\u00eener une <strong>hausse globale des taux d\u2019int\u00e9r\u00eat<\/strong>, y compris en Suisse. Pour <strong>Steve Bannon<\/strong>, derri\u00e8re ces d\u00e9cisions se cache un autre objectif : <strong>forcer une r\u00e9duction des d\u00e9penses publiques am\u00e9ricaines<\/strong> en mettant \u00ab <em>un pistolet sur la tempe des oligarques et des conservateurs<\/em> \u00bb, selon ses propres termes. Il souhaite des <strong>coupes radicales<\/strong>, notamment dans le <strong>budget de la d\u00e9fense<\/strong>.<\/p>\n\n\n\n<p>Toutefois, les effets de cette strat\u00e9gie pourraient \u00eatre <strong>d\u00e9sastreux<\/strong>. Trump <strong>ne taxe pas davantage les riches<\/strong> et <strong>maintient ses co\u00fbteuses promesses \u00e9lectorales<\/strong>, ce qui creuse la <strong>dette publique am\u00e9ricaine<\/strong>. Face \u00e0 ce d\u00e9s\u00e9quilibre, la <strong>R\u00e9serve f\u00e9d\u00e9rale am\u00e9ricaine (Fed)<\/strong> ne pourrait plus baisser ses taux et devrait <strong>faire l\u2019inverse<\/strong>. Ce resserrement mon\u00e9taire provoquerait une <strong>hausse des taux d\u2019int\u00e9r\u00eat sur les dettes publiques<\/strong>, un ph\u00e9nom\u00e8ne qui se r\u00e9percuterait <strong>\u00e9galement sur la Suisse<\/strong>.<\/p>\n\n\n\n<p>La banque <strong>J. Safra Sarasin<\/strong> souligne que les taux d\u2019int\u00e9r\u00eat mondiaux <strong>\u00e9voluent souvent en parall\u00e8le<\/strong>. Ainsi, si les \u00c9tats-Unis doivent <strong>payer des int\u00e9r\u00eats plus \u00e9lev\u00e9s<\/strong>, la <strong>Suisse suivra la m\u00eame tendance<\/strong>. <strong>Les propri\u00e9taires suisses verront donc leurs charges hypoth\u00e9caires augmenter<\/strong>, alourdissant leur endettement.<\/p>\n","protected":false},"excerpt":{"rendered":"<p>L\u2019instabilit\u00e9 \u00e9conomique provoqu\u00e9e par Donald Trump pourrait avoir des cons\u00e9quences directes sur les propri\u00e9taires suisses. Entre la remise en cause du statut de valeur refuge du franc suisse et une possible hausse des taux d\u2019int\u00e9r\u00eat, l\u2019immobilier helv\u00e9tique pourrait \u00eatre expos\u00e9 \u00e0 des turbulences in\u00e9dites.<\/p>\n","protected":false},"author":37,"featured_media":101159,"comment_status":"open","ping_status":"closed","sticky":false,"template":"","format":"standard","meta":{"footnotes":""},"categories":[29],"tags":[],"class_list":["post-101157","post","type-post","status-publish","format-standard","has-post-thumbnail","hentry","category-immobilier","generate-columns","tablet-grid-50","mobile-grid-100","grid-parent","grid-33","no-featured-image-padding"],"_links":{"self":[{"href":"https:\/\/econostrum.info\/suisse\/wp-json\/wp\/v2\/posts\/101157","targetHints":{"allow":["GET"]}}],"collection":[{"href":"https:\/\/econostrum.info\/suisse\/wp-json\/wp\/v2\/posts"}],"about":[{"href":"https:\/\/econostrum.info\/suisse\/wp-json\/wp\/v2\/types\/post"}],"author":[{"embeddable":true,"href":"https:\/\/econostrum.info\/suisse\/wp-json\/wp\/v2\/users\/37"}],"replies":[{"embeddable":true,"href":"https:\/\/econostrum.info\/suisse\/wp-json\/wp\/v2\/comments?post=101157"}],"version-history":[{"count":0,"href":"https:\/\/econostrum.info\/suisse\/wp-json\/wp\/v2\/posts\/101157\/revisions"}],"wp:featuredmedia":[{"embeddable":true,"href":"https:\/\/econostrum.info\/suisse\/wp-json\/wp\/v2\/media\/101159"}],"wp:attachment":[{"href":"https:\/\/econostrum.info\/suisse\/wp-json\/wp\/v2\/media?parent=101157"}],"wp:term":[{"taxonomy":"category","embeddable":true,"href":"https:\/\/econostrum.info\/suisse\/wp-json\/wp\/v2\/categories?post=101157"},{"taxonomy":"post_tag","embeddable":true,"href":"https:\/\/econostrum.info\/suisse\/wp-json\/wp\/v2\/tags?post=101157"}],"curies":[{"name":"wp","href":"https:\/\/api.w.org\/{rel}","templated":true}]}}