{"id":101117,"date":"2025-02-09T13:51:13","date_gmt":"2025-02-09T12:51:13","guid":{"rendered":"https:\/\/econostrum.info\/suisse\/?p=101117"},"modified":"2025-02-09T13:51:15","modified_gmt":"2025-02-09T12:51:15","slug":"meteo-suisse-instabilite-vortex-polaire-menace-arrivee-printemps","status":"publish","type":"post","link":"https:\/\/econostrum.info\/suisse\/meteo-suisse-instabilite-vortex-polaire-menace-arrivee-printemps\/","title":{"rendered":"M\u00e9t\u00e9o en Suisse : l&rsquo;instabilit\u00e9 du vortex polaire menace l&rsquo;arriv\u00e9e du printemps"},"content":{"rendered":"\n<p>Les pr\u00e9visions m\u00e9t\u00e9orologiques sont marqu\u00e9es par une instabilit\u00e9 qui complique l\u2019arriv\u00e9e du printemps en Suisse. Actuellement, les temp\u00e9ratures oscillent entre <strong>trois et six degr\u00e9s<\/strong> selon les r\u00e9gions, et la situation reste incertaine. Le m\u00e9t\u00e9orologue <strong>Roger Perret<\/strong> de <strong>MeteoNews<\/strong> souligne la difficult\u00e9 de pr\u00e9dire l&rsquo;\u00e9volution de ces conditions. L\u2019une des raisons principales de cette incertitude est la pr\u00e9sence d\u2019une <strong>goutte froide<\/strong> sur le nord-ouest de la France, qui engendre des perturbations difficiles \u00e0 anticiper.<\/p>\n\n\n\n<p>\u00ab\u00a0Ces gouttes froides sont impr\u00e9visibles et rendent les pr\u00e9visions particuli\u00e8rement difficiles\u00a0\u00bb, explique Roger Perret. Apr\u00e8s plusieurs jours d&rsquo;un temps stable avec une <strong>situation anticyclonique<\/strong>, l&rsquo;air froid en plaine et le soleil en montagne devraient \u00e9voluer, mais le m\u00e9t\u00e9orologue met en garde : <strong>tout d\u00e9pendra de la progression de cette goutte froide<\/strong>. Selon les mod\u00e8les m\u00e9t\u00e9orologiques, cela pourrait conduire \u00e0 quelques pluies l\u00e9g\u00e8res sur l\u2019ouest de la Suisse, tout en maintenant des temp\u00e9ratures proches des normales pour la saison. Toutefois, il est \u00e9galement possible que l\u2019on observe des p\u00e9riodes de soleil avec des temp\u00e9ratures relativement douces.<\/p>\n\n\n\n<h2 class=\"wp-block-heading\">Le vortex polaire : un danger de froid extr\u00eame<\/h2>\n\n\n\n<p>Le <strong>vortex polaire<\/strong> est un ph\u00e9nom\u00e8ne majeur de l\u2019hiver. Il s&rsquo;agit d\u2019une zone de basse pression situ\u00e9e au-dessus des r\u00e9gions arctiques, qui emprisonne l&rsquo;air glac\u00e9, l&#8217;emp\u00eachant de se diriger vers des latitudes plus basses. Si ce vortex se divise, un r\u00e9chauffement soudain pourrait permettre \u00e0 l&rsquo;air polaire de se propager plus facilement vers le sud, entra\u00eenant une chute brutale des temp\u00e9ratures.<\/p>\n\n\n\n<p>Le m\u00e9t\u00e9orologue Roger Perret rappelle qu\u2019en cas de division du vortex polaire, les cons\u00e9quences seraient dramatiques. L\u2019air polaire pourrait alors d\u00e9ferler sur l\u2019Europe centrale, provoquant un <strong>choc thermique violent<\/strong>, caract\u00e9ris\u00e9 par des <strong>temp\u00e9ratures n\u00e9gatives<\/strong> et des chutes de neige abondantes. Ce ph\u00e9nom\u00e8ne n\u2019est toutefois pas in\u00e9dit. Par exemple, <strong>fin f\u00e9vrier 2018<\/strong>, un <strong>froid sib\u00e9rien<\/strong> s\u2019\u00e9tait abattu sur l\u2019<a href=\"https:\/\/econostrum.info\/suisse\/suisse-france-espagn-qui-travaille-plus-europe\/\" data-type=\"post\" data-id=\"101098\">Europe<\/a>, apportant des temp\u00e9ratures extr\u00eamement basses.<\/p>\n\n\n\n<p>Mais selon <strong>Roger Perret<\/strong>, bien que ce sc\u00e9nario soit th\u00e9oriquement possible, il reste <strong>peu probable<\/strong>. Selon lui, la probabilit\u00e9 d\u2019une telle vague de froid sur la r\u00e9gion alpine est seulement de <strong>10%<\/strong>. L&rsquo;expert pr\u00e9cise que <strong>le vortex polaire pourrait se d\u00e9placer vers l&rsquo;ouest<\/strong>, ce qui emp\u00eacherait le ph\u00e9nom\u00e8ne de toucher la Suisse. En r\u00e9sum\u00e9, bien que l&rsquo;\u00e9ventualit\u00e9 d&rsquo;un froid intense soit possible, il semble que cette situation soit peu probable \u00e0 l&rsquo;heure actuelle.<\/p>\n\n\n\n<h2 class=\"wp-block-heading\">Une prudence n\u00e9cessaire face \u00e0 une m\u00e9t\u00e9o changeante<\/h2>\n\n\n\n<p>Bien que le <strong>vortex polaire<\/strong> ne semble pas \u00eatre une menace imminente, les m\u00e9t\u00e9orologues recommandent de rester vigilant face \u00e0 la m\u00e9t\u00e9o dans les prochains jours. Roger Perret conseille aux habitants de suivre les pr\u00e9visions de mani\u00e8re r\u00e9guli\u00e8re et d&rsquo;adapter leurs activit\u00e9s en fonction des conditions qui \u00e9voluent rapidement. Pour l&rsquo;instant, il reste encore trop t\u00f4t pour pr\u00e9dire avec certitude ce que l&rsquo;avenir imm\u00e9diat nous r\u00e9serve en termes de temp\u00e9rature.<\/p>\n\n\n\n<p>Dans les jours \u00e0 venir, l&rsquo;instabilit\u00e9 persistera. M\u00eame si le printemps semble encore lointain, les experts mettent en garde contre les<strong> changements soudains de temp\u00e9rature<\/strong>. Si l\u2019air polaire devait se d\u00e9placer vers l\u2019Europe centrale, la situation pourrait se transformer en une vague de froid extr\u00eame. Mais pour l&rsquo;instant, la probabilit\u00e9 que ce ph\u00e9nom\u00e8ne se produise reste faible, offrant ainsi un peu de r\u00e9pit aux personnes qui esp\u00e8rent voir le printemps arriver bient\u00f4t.<\/p>\n","protected":false},"excerpt":{"rendered":"<p>Alors que l&rsquo;hiver s\u2019\u00e9tire et que certains esp\u00e8rent d\u00e9j\u00e0 un d\u00e9but de printemps en f\u00e9vrier, la situation m\u00e9t\u00e9orologique reste incertaine. Une goutte froide et l&rsquo;instabilit\u00e9 du vortex polaire pourraient apporter un retour du froid extr\u00eame, rendant difficile l\u2019arriv\u00e9e d\u2019une douceur printani\u00e8re dans les jours \u00e0 venir.<\/p>\n","protected":false},"author":37,"featured_media":101120,"comment_status":"open","ping_status":"closed","sticky":false,"template":"","format":"standard","meta":{"footnotes":""},"categories":[19],"tags":[],"class_list":["post-101117","post","type-post","status-publish","format-standard","has-post-thumbnail","hentry","category-meteo","generate-columns","tablet-grid-50","mobile-grid-100","grid-parent","grid-33","no-featured-image-padding"],"_links":{"self":[{"href":"https:\/\/econostrum.info\/suisse\/wp-json\/wp\/v2\/posts\/101117","targetHints":{"allow":["GET"]}}],"collection":[{"href":"https:\/\/econostrum.info\/suisse\/wp-json\/wp\/v2\/posts"}],"about":[{"href":"https:\/\/econostrum.info\/suisse\/wp-json\/wp\/v2\/types\/post"}],"author":[{"embeddable":true,"href":"https:\/\/econostrum.info\/suisse\/wp-json\/wp\/v2\/users\/37"}],"replies":[{"embeddable":true,"href":"https:\/\/econostrum.info\/suisse\/wp-json\/wp\/v2\/comments?post=101117"}],"version-history":[{"count":0,"href":"https:\/\/econostrum.info\/suisse\/wp-json\/wp\/v2\/posts\/101117\/revisions"}],"wp:featuredmedia":[{"embeddable":true,"href":"https:\/\/econostrum.info\/suisse\/wp-json\/wp\/v2\/media\/101120"}],"wp:attachment":[{"href":"https:\/\/econostrum.info\/suisse\/wp-json\/wp\/v2\/media?parent=101117"}],"wp:term":[{"taxonomy":"category","embeddable":true,"href":"https:\/\/econostrum.info\/suisse\/wp-json\/wp\/v2\/categories?post=101117"},{"taxonomy":"post_tag","embeddable":true,"href":"https:\/\/econostrum.info\/suisse\/wp-json\/wp\/v2\/tags?post=101117"}],"curies":[{"name":"wp","href":"https:\/\/api.w.org\/{rel}","templated":true}]}}