{"id":101079,"date":"2025-02-08T12:29:00","date_gmt":"2025-02-08T11:29:00","guid":{"rendered":"https:\/\/econostrum.info\/suisse\/?p=101079"},"modified":"2025-02-07T21:12:04","modified_gmt":"2025-02-07T20:12:04","slug":"canton-romand-enregistre-plus-forte-hausse-chomage-suisse","status":"publish","type":"post","link":"https:\/\/econostrum.info\/suisse\/canton-romand-enregistre-plus-forte-hausse-chomage-suisse\/","title":{"rendered":"Ce canton romand enregistre la plus forte hausse du ch\u00f4mage en Suisse"},"content":{"rendered":"\n<p>Le march\u00e9 de l\u2019emploi en <strong>Suisse<\/strong> a connu une d\u00e9t\u00e9rioration au mois de <strong>janvier<\/strong>, avec une <strong>hausse g\u00e9n\u00e9ralis\u00e9e du ch\u00f4mage<\/strong>. Le taux national a franchi la <strong>barre des 3,0 %<\/strong>, contre <strong>2,8 % en d\u00e9cembre<\/strong>, enregistrant une progression de <strong>0,2 point<\/strong>. En un mois, <strong>5 480 personnes<\/strong> suppl\u00e9mentaires se sont retrouv\u00e9es sans emploi, portant le total des ch\u00f4meurs \u00e0 <strong>135 773 personnes<\/strong>.<\/p>\n\n\n\n<p>Sur un an, la progression est encore plus marqu\u00e9e, avec une <strong>augmentation de 22 598 ch\u00f4meurs (+20,0 %)<\/strong>. Le <strong>ch\u00f4mage des jeunes<\/strong> a grimp\u00e9 de <strong>0,1 point<\/strong>, atteignant <strong>2,8 %<\/strong>, tandis que le taux des <strong>seniors<\/strong> est rest\u00e9 stable \u00e0 <strong>2,6 %<\/strong>. En parall\u00e8le, le nombre de <strong>demandeurs d&#8217;emploi<\/strong> a augment\u00e9 de <strong>3 779 personnes (+1,8 %)<\/strong>, atteignant un total de <strong>212 803 individus<\/strong>.<\/p>\n\n\n\n<h2 class=\"wp-block-heading\">Neuch\u00e2tel, canton le plus affect\u00e9<\/h2>\n\n\n\n<p>Si la Suisse dans son ensemble est touch\u00e9e par la<a href=\"https:\/\/econostrum.info\/suisse\/chomage-suisse-seuil-preoccupant-janvier-profils-plus-touches\/\" data-type=\"post\" data-id=\"101052\"> mont\u00e9e du ch\u00f4mage<\/a>, <strong>Neuch\u00e2tel<\/strong> enregistre la plus forte progression. Avec <strong>4 003 ch\u00f4meurs<\/strong> en janvier, le canton affiche une hausse notable, qui concerne <strong>toutes les cat\u00e9gories d&rsquo;\u00e2ge<\/strong>. Le nombre de <strong>demandeurs d&#8217;emploi<\/strong> s&rsquo;\u00e9tablit \u00e0 <strong>6 148 personnes<\/strong>, soit <strong>199 de plus<\/strong> en un mois.<\/p>\n\n\n\n<p>Plusieurs secteurs sont directement impact\u00e9s. Les <strong>secteurs saisonniers<\/strong>, notamment la <strong>construction<\/strong> et l\u2019<strong>h\u00e9bergement-restauration<\/strong>, sont parmi les premiers \u00e0 enregistrer une hausse du ch\u00f4mage. Toutefois, c&rsquo;est l&rsquo;<strong>horlogerie<\/strong> qui est la plus affect\u00e9e, avec <strong>45 travailleurs suppl\u00e9mentaires<\/strong> ayant perdu leur emploi. Ce secteur, cl\u00e9 pour l\u2019\u00e9conomie neuch\u00e2teloise, subit de plein fouet les <strong>fluctuations du march\u00e9 international<\/strong>.<\/p>\n\n\n\n<h2 class=\"wp-block-heading\">Hausse des ch\u00f4meurs, mais aussi des postes vacants<\/h2>\n\n\n\n<p>Malgr\u00e9 l\u2019augmentation du ch\u00f4mage, le <strong>nombre de postes vacants<\/strong> en Suisse a progress\u00e9 de <strong>6 054 (+15,9 %)<\/strong>, atteignant <strong>44 198 offres disponibles<\/strong>. Cette situation contraste avec la mont\u00e9e du nombre de personnes ayant <strong>\u00e9puis\u00e9 leurs droits aux indemnit\u00e9s ch\u00f4mage<\/strong>, qui s\u2019\u00e9levait \u00e0 <strong>2 626 individus en novembre 2024<\/strong>, soit une l\u00e9g\u00e8re hausse de <strong>16 personnes<\/strong> par rapport \u00e0 octobre.<\/p>\n\n\n\n<p>Autre \u00e9volution notable, la <strong>r\u00e9duction de l\u2019horaire de travail<\/strong> a concern\u00e9 <strong>8 217 travailleurs<\/strong> en novembre, en baisse de <strong>27 %<\/strong> par rapport \u00e0 octobre. Le nombre de <strong>secteurs d\u2019exploitation concern\u00e9s<\/strong> a \u00e9galement diminu\u00e9, atteignant <strong>459 \u00e9tablissements<\/strong>.<\/p>\n\n\n\n<h2 class=\"wp-block-heading\">Un march\u00e9 du travail sous tension<\/h2>\n\n\n\n<p>La <strong>hausse du ch\u00f4mage \u00e0 Neuch\u00e2tel<\/strong> et dans l\u2019ensemble du pays soul\u00e8ve des <strong>interrogations sur la dynamique du march\u00e9 de l\u2019emploi<\/strong> en 2025. Si une partie de cette augmentation est attribuable aux <strong>facteurs saisonniers<\/strong>, la <strong>hausse marqu\u00e9e dans l\u2019industrie horlog\u00e8re<\/strong> et dans certains cantons comme <strong>Schaffhouse<\/strong> pourrait r\u00e9v\u00e9ler des tensions \u00e9conomiques plus profondes.<\/p>\n\n\n\n<p>Les autorit\u00e9s cantonales et f\u00e9d\u00e9rales devront analyser ces \u00e9volutions afin d&rsquo;anticiper les <strong>r\u00e9percussions possibles sur l\u2019emploi<\/strong> et d\u2019\u00e9valuer les <strong>mesures \u00e0 prendre<\/strong> pour limiter les effets d\u2019une d\u00e9gradation prolong\u00e9e.<\/p>\n","protected":false},"excerpt":{"rendered":"<p>Le taux de ch\u00f4mage \u00e0 Neuch\u00e2tel a atteint 4,5 % en janvier 2025, enregistrant une hausse de 0,3 point en un mois et de 1,2 point sur un an. Cette progression, la plus forte du pays, place le canton en t\u00eate du classement national, aux c\u00f4t\u00e9s de Schaffhouse, qui conna\u00eet une \u00e9volution similaire.<\/p>\n","protected":false},"author":37,"featured_media":101089,"comment_status":"open","ping_status":"closed","sticky":false,"template":"","format":"standard","meta":{"footnotes":""},"categories":[26],"tags":[],"class_list":["post-101079","post","type-post","status-publish","format-standard","has-post-thumbnail","hentry","category-emploi","generate-columns","tablet-grid-50","mobile-grid-100","grid-parent","grid-33","no-featured-image-padding"],"_links":{"self":[{"href":"https:\/\/econostrum.info\/suisse\/wp-json\/wp\/v2\/posts\/101079","targetHints":{"allow":["GET"]}}],"collection":[{"href":"https:\/\/econostrum.info\/suisse\/wp-json\/wp\/v2\/posts"}],"about":[{"href":"https:\/\/econostrum.info\/suisse\/wp-json\/wp\/v2\/types\/post"}],"author":[{"embeddable":true,"href":"https:\/\/econostrum.info\/suisse\/wp-json\/wp\/v2\/users\/37"}],"replies":[{"embeddable":true,"href":"https:\/\/econostrum.info\/suisse\/wp-json\/wp\/v2\/comments?post=101079"}],"version-history":[{"count":0,"href":"https:\/\/econostrum.info\/suisse\/wp-json\/wp\/v2\/posts\/101079\/revisions"}],"wp:featuredmedia":[{"embeddable":true,"href":"https:\/\/econostrum.info\/suisse\/wp-json\/wp\/v2\/media\/101089"}],"wp:attachment":[{"href":"https:\/\/econostrum.info\/suisse\/wp-json\/wp\/v2\/media?parent=101079"}],"wp:term":[{"taxonomy":"category","embeddable":true,"href":"https:\/\/econostrum.info\/suisse\/wp-json\/wp\/v2\/categories?post=101079"},{"taxonomy":"post_tag","embeddable":true,"href":"https:\/\/econostrum.info\/suisse\/wp-json\/wp\/v2\/tags?post=101079"}],"curies":[{"name":"wp","href":"https:\/\/api.w.org\/{rel}","templated":true}]}}