{"id":101052,"date":"2025-02-06T17:33:00","date_gmt":"2025-02-06T16:33:00","guid":{"rendered":"https:\/\/econostrum.info\/suisse\/?p=101052"},"modified":"2025-02-06T15:44:38","modified_gmt":"2025-02-06T14:44:38","slug":"chomage-suisse-seuil-preoccupant-janvier-profils-plus-touches","status":"publish","type":"post","link":"https:\/\/econostrum.info\/suisse\/chomage-suisse-seuil-preoccupant-janvier-profils-plus-touches\/","title":{"rendered":"Le ch\u00f4mage en Suisse atteint un seuil pr\u00e9occupant en janvier : quels sont les profils les plus touch\u00e9s ?"},"content":{"rendered":"\n<p>En janvier, la Suisse comptait <strong>135 773 ch\u00f4meurs<\/strong>, soit 5 480<strong> de plus<\/strong> qu\u2019en d\u00e9cembre, selon les chiffres du secr\u00e9tariat d\u2019\u00c9tat \u00e0 l\u2019\u00e9conomie (<strong>SECO<\/strong>). Cette hausse correspond \u00e0 <strong>4,2 %<\/strong> d\u2019augmentation en un mois. Sur un an, l\u2019\u00e9volution est encore plus marqu\u00e9e avec <strong>22 598 ch\u00f4meurs suppl\u00e9mentaires<\/strong> (+20 %).<\/p>\n\n\n\n<p>Le nombre total de <strong>demandeurs d\u2019emploi<\/strong> a atteint <strong>212 803 personnes<\/strong>, enregistrant une augmentation de 3 <strong>779 individus<\/strong> par rapport au mois pr\u00e9c\u00e9dent (+1,8 %). Sur une ann\u00e9e, ce chiffre s\u2019\u00e9l\u00e8ve \u00e0 <strong>30 550 demandeurs d\u2019emploi de plus<\/strong>, soit une envol\u00e9e de <strong>17 %<\/strong>. Malgr\u00e9 cette augmentation globale, le <strong>taux de ch\u00f4mage ajust\u00e9 des variations saisonni\u00e8res<\/strong> reste stable \u00e0 <strong>2,7 %<\/strong>.<\/p>\n\n\n\n<h2 class=\"wp-block-heading\">Les jeunes et les seniors en premi\u00e8re ligne<\/h2>\n\n\n\n<p>Certains groupes de population sont plus affect\u00e9s par cette mont\u00e9e du ch\u00f4mage. Le taux de ch\u00f4mage des <strong>jeunes (15-24 ans)<\/strong> a progress\u00e9 de <strong>0,1 point<\/strong> en janvier pour s\u2019\u00e9tablir \u00e0 <strong>2,8 %<\/strong>. Sur un an, cette hausse est particuli\u00e8rement notable avec <strong>2009 jeunes ch\u00f4meurs suppl\u00e9mentaires<\/strong> (+19 %).<\/p>\n\n\n\n<p>Les <strong><a href=\"https:\/\/econostrum.info\/suisse\/recherche-emploi-suisse-calvaire-categorie-suisses\/\" data-type=\"post\" data-id=\"100903\">seniors (50-64 ans)<\/a><\/strong>, quant \u00e0 eux, affichent un taux de ch\u00f4mage stable \u00e0 <strong>2,6 %<\/strong> sur un mois. En revanche, sur une ann\u00e9e, la progression est de <strong>17 %<\/strong>, avec 5 413<strong> personnes suppl\u00e9mentaires<\/strong> sans emploi. Ces \u00e9volutions traduisent une difficult\u00e9 croissante pour ces cat\u00e9gories \u00e0 retrouver une activit\u00e9 professionnelle.<\/p>\n\n\n\n<h2 class=\"wp-block-heading\">Des postes vacants en hausse mais une r\u00e9insertion difficile<\/h2>\n\n\n\n<p>Malgr\u00e9 l\u2019augmentation du ch\u00f4mage, le nombre de <strong>postes vacants<\/strong> a progress\u00e9 de <strong>15,9 %<\/strong> en un mois, atteignant <strong>44 198 offres d\u2019emploi<\/strong> en janvier. Cette hausse de 6<strong> 054 postes suppl\u00e9mentaires<\/strong> montre que certains secteurs recherchent activement du personnel, mais les demandeurs d\u2019emploi ne parviennent pas toujours \u00e0 r\u00e9pondre aux besoins du march\u00e9.<\/p>\n\n\n\n<p>Par ailleurs, le nombre de personnes ayant <strong>\u00e9puis\u00e9 leurs droits aux indemnit\u00e9s ch\u00f4mage<\/strong> en novembre 2024 s\u2019\u00e9levait \u00e0 <strong>2626 personnes<\/strong>, soit <strong>16 de plus<\/strong> qu\u2019en octobre (+0,6 %). Cette donn\u00e9e illustre les <strong>difficult\u00e9s de r\u00e9insertion des ch\u00f4meurs longue dur\u00e9e<\/strong>.<\/p>\n\n\n\n<p>Concernant le <strong>ch\u00f4mage technique<\/strong>, la <strong>r\u00e9duction de l\u2019horaire de travail<\/strong> a concern\u00e9 <strong>8217 personnes<\/strong> en novembre, soit <strong>27 % de moins<\/strong> qu\u2019en octobre. le nombre d\u2019entreprises ayant recours \u00e0 ce dispositif a \u00e9galement chut\u00e9 de <strong>16 %<\/strong>, pour atteindre <strong>459 \u00e9tablissements<\/strong>.<\/p>\n","protected":false},"excerpt":{"rendered":"<p>Le march\u00e9 de l\u2019emploi en Suisse conna\u00eet une d\u00e9gradation en ce d\u00e9but d\u2019ann\u00e9e. Le taux de ch\u00f4mage a atteint 3,0 % en janvier, soit une augmentation de 0,2 point par rapport \u00e0 d\u00e9cembre. En un an, le nombre de ch\u00f4meurs a bondi de 20 %, affectant particuli\u00e8rement les jeunes et les seniors.<\/p>\n","protected":false},"author":37,"featured_media":101054,"comment_status":"open","ping_status":"closed","sticky":false,"template":"","format":"standard","meta":{"footnotes":""},"categories":[26],"tags":[],"class_list":["post-101052","post","type-post","status-publish","format-standard","has-post-thumbnail","hentry","category-emploi","generate-columns","tablet-grid-50","mobile-grid-100","grid-parent","grid-33","no-featured-image-padding"],"_links":{"self":[{"href":"https:\/\/econostrum.info\/suisse\/wp-json\/wp\/v2\/posts\/101052","targetHints":{"allow":["GET"]}}],"collection":[{"href":"https:\/\/econostrum.info\/suisse\/wp-json\/wp\/v2\/posts"}],"about":[{"href":"https:\/\/econostrum.info\/suisse\/wp-json\/wp\/v2\/types\/post"}],"author":[{"embeddable":true,"href":"https:\/\/econostrum.info\/suisse\/wp-json\/wp\/v2\/users\/37"}],"replies":[{"embeddable":true,"href":"https:\/\/econostrum.info\/suisse\/wp-json\/wp\/v2\/comments?post=101052"}],"version-history":[{"count":0,"href":"https:\/\/econostrum.info\/suisse\/wp-json\/wp\/v2\/posts\/101052\/revisions"}],"wp:featuredmedia":[{"embeddable":true,"href":"https:\/\/econostrum.info\/suisse\/wp-json\/wp\/v2\/media\/101054"}],"wp:attachment":[{"href":"https:\/\/econostrum.info\/suisse\/wp-json\/wp\/v2\/media?parent=101052"}],"wp:term":[{"taxonomy":"category","embeddable":true,"href":"https:\/\/econostrum.info\/suisse\/wp-json\/wp\/v2\/categories?post=101052"},{"taxonomy":"post_tag","embeddable":true,"href":"https:\/\/econostrum.info\/suisse\/wp-json\/wp\/v2\/tags?post=101052"}],"curies":[{"name":"wp","href":"https:\/\/api.w.org\/{rel}","templated":true}]}}