{"id":101011,"date":"2025-02-05T14:45:30","date_gmt":"2025-02-05T13:45:30","guid":{"rendered":"https:\/\/econostrum.info\/suisse\/?p=101011"},"modified":"2025-02-05T14:45:38","modified_gmt":"2025-02-05T13:45:38","slug":"migros-perte-100-millions-a-cause-projet","status":"publish","type":"post","link":"https:\/\/econostrum.info\/suisse\/migros-perte-100-millions-a-cause-projet\/","title":{"rendered":"Migros face \u00e0 une perte de 100 millions \u00e0 cause de ce projet"},"content":{"rendered":"\n<p>En <strong>2020<\/strong>, <strong>Anton G\u00e4umann<\/strong>, alors patron de <strong>Migros Aare<\/strong>, d\u00e9voilait avec enthousiasme la <strong>plateforme logistique 2030<\/strong> \u00e0 <strong>Sch\u00f6nb\u00fchl<\/strong>, un immense entrep\u00f4t frigorifique cens\u00e9 devenir un maillon cl\u00e9 de la distribution des produits frais. Avec un investissement colossal de <strong>250 millions de francs suisses<\/strong>, cette installation devait assurer l\u2019approvisionnement en fruits, l\u00e9gumes, produits laitiers, viande et pain pour <strong>170 magasins<\/strong> situ\u00e9s en <strong>Argovie<\/strong> et <strong>Soleure<\/strong>.<\/p>\n\n\n\n<p>Cinq ans plus tard, l\u2019enthousiasme a laiss\u00e9 place aux difficult\u00e9s. L\u2019entrep\u00f4t, d\u2019un volume de <strong>160 000 m\u00e8tres cubes<\/strong>, s\u2019est r\u00e9v\u00e9l\u00e9 <strong>trop grand pour les besoins r\u00e9els<\/strong>. Une partie des installations reste inutilis\u00e9e, repr\u00e9sentant <strong>un tiers du complexe<\/strong>, et entra\u00eenant des pertes \u00e9valu\u00e9es \u00e0 <strong>100 millions de francs suisses<\/strong>.<\/p>\n\n\n\n<h2 class=\"wp-block-heading\">Un projet pens\u00e9 sans l\u2019accord des autres coop\u00e9ratives<\/h2>\n\n\n\n<p>L\u2019une des erreurs majeures de ce projet a \u00e9t\u00e9 <strong>l\u2019absence de concertation<\/strong> avec les autres coop\u00e9ratives r\u00e9gionales de <a href=\"https:\/\/econostrum.info\/suisse\/migros-hausse-chiffre-daffaires-ecommerce\/\" data-type=\"post\" data-id=\"100435\">Migros<\/a>. Anton G\u00e4umann comptait sur une mutualisation des infrastructures, en pr\u00e9voyant que les coop\u00e9ratives de <strong>B\u00e2le<\/strong> et de <strong>Neuch\u00e2tel\/Fribourg<\/strong> utilisent \u00e9galement <strong>le centre de Sch\u00f6nb\u00fchl<\/strong> pour la distribution de leurs marchandises.<\/p>\n\n\n\n<p>Mais ces derni\u00e8res n\u2019ont \u00e9t\u00e9 consult\u00e9es qu\u2019une fois la construction bien avanc\u00e9e, et <strong>elles ont refus\u00e9 de centraliser leurs flux logistiques \u00e0 Sch\u00f6nb\u00fchl<\/strong>. Elles ont pr\u00e9f\u00e9r\u00e9 conserver <strong>leurs propres centres de distribution<\/strong>, \u00e9vitant ainsi de <strong>supprimer des emplois dans leurs r\u00e9gions respectives<\/strong>. R\u00e9sultat : <strong>les capacit\u00e9s de l\u2019entrep\u00f4t sont largement sous-exploit\u00e9es<\/strong>, et Migros doit assumer seule le poids financier de cette infrastructure surdimensionn\u00e9e.<\/p>\n\n\n\n<p><strong>Guido Rast<\/strong>, directeur de <strong>Migros Lucerne<\/strong>, a reconnu aupr\u00e8s de la <strong>SRF<\/strong> que ce projet n\u2019a pas \u00e9t\u00e9 men\u00e9 de mani\u00e8re optimale : \u00ab <em><em>Tout ne s&rsquo;est pas d\u00e9roul\u00e9 parfaitement car les travaux ont \u00e9t\u00e9 r\u00e9alis\u00e9s sans que les coop\u00e9ratives ne s&rsquo;engagent<\/em><\/em><strong> <\/strong>\u00bb.<\/p>\n\n\n\n<h2 class=\"wp-block-heading\">Une restructuration qui remet en question la strat\u00e9gie de Migros<\/h2>\n\n\n\n<p>Cette situation intervient alors que <strong>Migros traverse une p\u00e9riode de transformation majeure<\/strong>. Le groupe cherche \u00e0 <strong>se recentrer sur son activit\u00e9 principale<\/strong>, ce qui l\u2019a conduit \u00e0 <strong>se s\u00e9parer de plusieurs actifs<\/strong>. En <strong>janvier 2024<\/strong>, Migros a ainsi <strong>vendu ses magasins Obi<\/strong> pour simplifier son portefeuille et all\u00e9ger ses charges.<\/p>\n\n\n\n<p>Dans ce contexte, l\u2019\u00e9chec du centre logistique de <strong>Sch\u00f6nb\u00fchl<\/strong> p\u00e8se lourdement sur les comptes du groupe. En plus de cette perte de <strong>100 millions de francs suisses<\/strong>, Migros a d\u00fb amortir un d\u00e9ficit global de <strong>500 millions de francs suisses<\/strong>. L\u2019enseigne ne communique pas sur les chiffres exacts de cette d\u00e9b\u00e2cle et <strong>Anton G\u00e4umann, principal responsable du projet, n\u2019a pas souhait\u00e9 s\u2019exprimer<\/strong>.<\/p>\n","protected":false},"excerpt":{"rendered":"<p>Un centre de distribution trop grand, une coordination insuffisante entre les coop\u00e9ratives et un contexte \u00e9conomique difficile. Migros Aare fait face \u00e0 une perte de 100 millions de francs suisses \u00e0 cause de l\u2019entrep\u00f4t logistique de Sch\u00f6nb\u00fchl, dans le canton de Berne. Un projet ambitieux qui s\u2019est av\u00e9r\u00e9 inadapt\u00e9 aux besoins r\u00e9els du groupe.<\/p>\n","protected":false},"author":37,"featured_media":101012,"comment_status":"open","ping_status":"closed","sticky":false,"template":"","format":"standard","meta":{"footnotes":""},"categories":[15],"tags":[],"class_list":["post-101011","post","type-post","status-publish","format-standard","has-post-thumbnail","hentry","category-entreprise","generate-columns","tablet-grid-50","mobile-grid-100","grid-parent","grid-33","no-featured-image-padding"],"_links":{"self":[{"href":"https:\/\/econostrum.info\/suisse\/wp-json\/wp\/v2\/posts\/101011","targetHints":{"allow":["GET"]}}],"collection":[{"href":"https:\/\/econostrum.info\/suisse\/wp-json\/wp\/v2\/posts"}],"about":[{"href":"https:\/\/econostrum.info\/suisse\/wp-json\/wp\/v2\/types\/post"}],"author":[{"embeddable":true,"href":"https:\/\/econostrum.info\/suisse\/wp-json\/wp\/v2\/users\/37"}],"replies":[{"embeddable":true,"href":"https:\/\/econostrum.info\/suisse\/wp-json\/wp\/v2\/comments?post=101011"}],"version-history":[{"count":0,"href":"https:\/\/econostrum.info\/suisse\/wp-json\/wp\/v2\/posts\/101011\/revisions"}],"wp:featuredmedia":[{"embeddable":true,"href":"https:\/\/econostrum.info\/suisse\/wp-json\/wp\/v2\/media\/101012"}],"wp:attachment":[{"href":"https:\/\/econostrum.info\/suisse\/wp-json\/wp\/v2\/media?parent=101011"}],"wp:term":[{"taxonomy":"category","embeddable":true,"href":"https:\/\/econostrum.info\/suisse\/wp-json\/wp\/v2\/categories?post=101011"},{"taxonomy":"post_tag","embeddable":true,"href":"https:\/\/econostrum.info\/suisse\/wp-json\/wp\/v2\/tags?post=101011"}],"curies":[{"name":"wp","href":"https:\/\/api.w.org\/{rel}","templated":true}]}}