{"id":100882,"date":"2025-02-02T17:06:00","date_gmt":"2025-02-02T16:06:00","guid":{"rendered":"https:\/\/econostrum.info\/suisse\/?p=100882"},"modified":"2025-02-02T15:01:08","modified_gmt":"2025-02-02T14:01:08","slug":"suisse-continue-a-accepter-medecins-radies-ue-pourquoi","status":"publish","type":"post","link":"https:\/\/econostrum.info\/suisse\/suisse-continue-a-accepter-medecins-radies-ue-pourquoi\/","title":{"rendered":"La Suisse continue \u00e0 accepter des m\u00e9decins radi\u00e9s de l&rsquo;UE, mais pourquoi ?"},"content":{"rendered":"\n<p>L\u2019Union europ\u00e9enne a mis en place <strong>depuis 2016<\/strong> un m\u00e9canisme d\u2019alerte dans le cadre du <strong>Syst\u00e8me d\u2019information du march\u00e9 int\u00e9rieur (IMI)<\/strong>, permettant d\u2019\u00e9changer des informations en temps r\u00e9el sur les interdictions de pratiquer pour les professionnels de la sant\u00e9. Ce dispositif regroupe tous les <strong>pays de l\u2019UE<\/strong>, ainsi que le <strong>Liechtenstein<\/strong>, l\u2019<strong>Islande<\/strong> et la<strong> Norv\u00e8ge<\/strong>, et inclut \u00e9galement les \u00e9ducateurs condamn\u00e9s pour des d\u00e9lits graves comme la p\u00e9dophilie. L\u2019IMI permet donc d\u2019avertir rapidement les autorit\u00e9s comp\u00e9tentes en cas de suspension d\u2019un professionnel, garantissant ainsi une meilleure gestion des risques sanitaires.<\/p>\n\n\n\n<p>Mais la Suisse, bien qu\u2019ayant tent\u00e9 de rejoindre ce syst\u00e8me d\u00e8s 2012, n\u2019a jamais r\u00e9ussi \u00e0 y adh\u00e9rer. Une <strong>premi\u00e8re tentative a \u00e9chou\u00e9 au Parlement f\u00e9d\u00e9ral en 2014<\/strong>, ann\u00e9e o\u00f9 l&rsquo;initiative contre l&rsquo;immigration de masse a \u00e9t\u00e9 accept\u00e9e par le peuple suisse. Cette d\u00e9cision a conduit \u00e0 une rupture des n\u00e9gociations avec l\u2019Union europ\u00e9enne, bloquant l\u2019acc\u00e8s de la Suisse \u00e0 l&rsquo;IMI. Aujourd\u2019hui, la Suisse continue de se retrouver en dehors de ce r\u00e9seau, ce qui l\u2019<strong>emp\u00eache d\u2019acc\u00e9der aux alertes concernant les m\u00e9decins radi\u00e9s ou interdits de pratique<\/strong> dans l&rsquo;UE.<\/p>\n\n\n\n<h2 class=\"wp-block-heading\">Des exemples inqui\u00e9tants de m\u00e9decins radi\u00e9s travaillant en Suisse<\/h2>\n\n\n\n<p>Les r\u00e9v\u00e9lations du <em>Matin Dimanche<\/em> ont mis en lumi\u00e8re plusieurs cas pr\u00e9occupants de m\u00e9decins radi\u00e9s dans d&rsquo;autres pays europ\u00e9ens, qui ont n\u00e9anmoins pu obtenir l\u2019autorisation d\u2019exercer en Suisse. L&rsquo;exemple le plus marquant est celui d\u2019un chirurgien radi\u00e9 en France, qui, apr\u00e8s avoir \u00e9t\u00e9 exclu du territoire fran\u00e7ais, a <strong>obtenu une autorisation de pratiquer <a href=\"https:\/\/econostrum.info\/suisse\/geneve-reforme-fiscale-historique-2025\/\" data-type=\"post\" data-id=\"100088\">\u00e0 Gen\u00e8ve<\/a><\/strong> l\u2019automne dernier. De m\u00eame, un m\u00e9decin radi\u00e9 en France dans le canton de Neuch\u00e2tel a pu reprendre une activit\u00e9 dans un d\u00e9sert m\u00e9dical fran\u00e7ais, une zone o\u00f9 la p\u00e9nurie de m\u00e9decins a pu jouer en sa faveur.<\/p>\n\n\n\n<p>Ces incidents mettent en \u00e9vidence une f<strong>aille importante dans le syst\u00e8me de v\u00e9rification<\/strong> des praticiens \u00e9trangers en Suisse et soulignent les risques associ\u00e9s \u00e0 l&rsquo;absence d&rsquo;\u00e9changes d&rsquo;informations avec les pays voisins. Si le pays avait acc\u00e8s \u00e0 la base de donn\u00e9es europ\u00e9enne IMI, ces m\u00e9decins radi\u00e9s auraient probablement \u00e9t\u00e9 signal\u00e9s avant qu\u2019ils ne puissent reprendre leurs activit\u00e9s en Suisse.<\/p>\n\n\n\n<h2 class=\"wp-block-heading\">Les mesures de contr\u00f4le en Suisse : sont-elles suffisantes ?<\/h2>\n\n\n\n<p>Malgr\u00e9 cette situation, les autorit\u00e9s suisses tentent de rassurer la population en soulignant que des<strong> v\u00e9rifications strictes sont effectu\u00e9es<\/strong> pour les m\u00e9decins \u00e9trangers qui souhaitent exercer sur le sol helv\u00e9tique. Le secr\u00e9tariat d\u2019\u00c9tat \u00e0 la formation, \u00e0 la recherche et \u00e0 l\u2019innovation (Sefri) affirme que <strong>chaque praticien doit fournir plusieurs documents justificatifs<\/strong>, dont une attestation de bonne conduite. Les dipl\u00f4mes doivent aussi \u00eatre valid\u00e9s par la Commission des professions m\u00e9dicales pour garantir la l\u00e9gitimit\u00e9 de leur qualification. Par ailleurs, <strong>chaque canton est responsable de l\u2019\u00e9valuation des dossiers des praticiens \u00e9trangers<\/strong> et doit s\u2019assurer qu\u2019ils respectent les exigences suisses.<\/p>\n\n\n\n<p>Pour autant, ces contr\u00f4les locaux sont-ils suffisants pour pallier l\u2019absence d\u2019une base de donn\u00e9es internationale ? Fr\u00e9d\u00e9ric Berthoud, chef de l\u2019unit\u00e9 Reconnaissance des qualifications professionnelles au Sefri, a reconnu que la <strong>Suisse \u00e9tait consciente de l\u2019importance du syst\u00e8me europ\u00e9en de signalement<\/strong> et qu\u2019elle avait tent\u00e9 d\u2019obtenir un acc\u00e8s \u00e0 l&rsquo;IMI. Cependant, ces tentatives sont rest\u00e9es vaines, et la situation continue de poser des risques, notamment dans des domaines aussi sensibles que la sant\u00e9 publique.<\/p>\n","protected":false},"excerpt":{"rendered":"<p>La Suisse reste \u00e0 l\u2019\u00e9cart d\u2019un syst\u00e8me europ\u00e9en crucial pour la s\u00e9curit\u00e9 des patients : le Syst\u00e8me d\u2019information du march\u00e9 int\u00e9rieur (IMI), qui permet de signaler les m\u00e9decins radi\u00e9s dans l\u2019Union europ\u00e9enne. Ce vide d\u2019information pr\u00e9sente des risques non n\u00e9gligeables, comme en t\u00e9moignent plusieurs cas de praticiens radi\u00e9s en France et ailleurs, ayant pu reprendre leur activit\u00e9 en Suisse.<\/p>\n","protected":false},"author":37,"featured_media":100885,"comment_status":"open","ping_status":"closed","sticky":false,"template":"","format":"standard","meta":{"footnotes":""},"categories":[26],"tags":[],"class_list":["post-100882","post","type-post","status-publish","format-standard","has-post-thumbnail","hentry","category-emploi","generate-columns","tablet-grid-50","mobile-grid-100","grid-parent","grid-33","no-featured-image-padding"],"_links":{"self":[{"href":"https:\/\/econostrum.info\/suisse\/wp-json\/wp\/v2\/posts\/100882","targetHints":{"allow":["GET"]}}],"collection":[{"href":"https:\/\/econostrum.info\/suisse\/wp-json\/wp\/v2\/posts"}],"about":[{"href":"https:\/\/econostrum.info\/suisse\/wp-json\/wp\/v2\/types\/post"}],"author":[{"embeddable":true,"href":"https:\/\/econostrum.info\/suisse\/wp-json\/wp\/v2\/users\/37"}],"replies":[{"embeddable":true,"href":"https:\/\/econostrum.info\/suisse\/wp-json\/wp\/v2\/comments?post=100882"}],"version-history":[{"count":0,"href":"https:\/\/econostrum.info\/suisse\/wp-json\/wp\/v2\/posts\/100882\/revisions"}],"wp:featuredmedia":[{"embeddable":true,"href":"https:\/\/econostrum.info\/suisse\/wp-json\/wp\/v2\/media\/100885"}],"wp:attachment":[{"href":"https:\/\/econostrum.info\/suisse\/wp-json\/wp\/v2\/media?parent=100882"}],"wp:term":[{"taxonomy":"category","embeddable":true,"href":"https:\/\/econostrum.info\/suisse\/wp-json\/wp\/v2\/categories?post=100882"},{"taxonomy":"post_tag","embeddable":true,"href":"https:\/\/econostrum.info\/suisse\/wp-json\/wp\/v2\/tags?post=100882"}],"curies":[{"name":"wp","href":"https:\/\/api.w.org\/{rel}","templated":true}]}}