{"id":100796,"date":"2025-01-30T15:34:06","date_gmt":"2025-01-30T14:34:06","guid":{"rendered":"https:\/\/econostrum.info\/suisse\/?p=100796"},"modified":"2025-01-30T15:34:08","modified_gmt":"2025-01-30T14:34:08","slug":"frontaliers-francais-travaillant-suisse","status":"publish","type":"post","link":"https:\/\/econostrum.info\/suisse\/frontaliers-francais-travaillant-suisse\/","title":{"rendered":"Secteur, \u00e2ge, salaire&#8230; Qui sont les frontaliers fran\u00e7ais travaillant en Suisse ?"},"content":{"rendered":"\n<p>En 2023, la Suisse comptait <strong>395 298 travailleurs frontaliers<\/strong>, dont <strong>57 % r\u00e9sidaient en France<\/strong>. Cette part ne cesse d\u2019augmenter, avec une progression de <strong>5 % des salari\u00e9s et 9 % des ind\u00e9pendants<\/strong> depuis 2022. L\u2019attrait pour le march\u00e9 du travail suisse, notamment en raison des niveaux de r\u00e9mun\u00e9ration et des opportunit\u00e9s professionnelles, explique cette tendance \u00e0 la hausse.<\/p>\n\n\n\n<p>La r\u00e9partition g\u00e9ographique des frontaliers montre une forte concentration dans les d\u00e9partements frontaliers fran\u00e7ais, en particulier en <strong>Haute-Savoie et dans l\u2019Ain<\/strong>, o\u00f9 r\u00e9sident respectivement <strong>74 % et 19 % des travailleurs exer\u00e7ant \u00e0 Gen\u00e8ve<\/strong>. Dans certaines communes du Genevois, plus d\u2019un salari\u00e9 sur deux travaille en Suisse, un taux qui peut d\u00e9passer <strong>60 %<\/strong>.<\/p>\n\n\n\n<h2 class=\"wp-block-heading\">Un profil type et des disparit\u00e9s salariales<\/h2>\n\n\n\n<p>Selon<em> Tribune de Gen\u00e8ve<\/em>, l\u2019\u00e9tude permet de dresser le <strong>portrait type du travailleur frontalier<\/strong>. Il s\u2019agit d\u2019un <strong>homme de 42 ans, salari\u00e9 \u00e0 Gen\u00e8ve, habitant en Haute-Savoie et parcourant en moyenne 32 km pour se rendre \u00e0 son travail<\/strong>.<\/p>\n\n\n\n<p>Les niveaux de r\u00e9mun\u00e9ration varient selon les r\u00e9gions de r\u00e9sidence. Le <strong>revenu fiscal de r\u00e9f\u00e9rence individualis\u00e9 (RFRI)<\/strong> moyen est de <strong>55 472 euros<\/strong> (52 305 francs suisses), mais il existe des \u00e9carts significatifs. Les travailleurs de l\u2019<strong>Ain et de la Haute-Savoie<\/strong> per\u00e7oivent un RFRI pouvant atteindre <strong>61 808 euros<\/strong>, contre <strong>43 939 euros dans le Territoire de Belfort<\/strong>. Cette diff\u00e9rence s\u2019explique en partie par la nature des secteurs d\u2019activit\u00e9 dominants dans chaque zone.<\/p>\n\n\n\n<h2 class=\"wp-block-heading\">Une r\u00e9partition in\u00e9gale selon les cantons et les secteurs<\/h2>\n\n\n\n<p>Pr\u00e8s de la moiti\u00e9 des<a href=\"https:\/\/econostrum.info\/suisse\/commune-suisse-travailleurs-frontaliers\/\" data-type=\"post\" data-id=\"3198\"> travailleurs frontaliers<\/a> exercent <strong>dans le canton de Gen\u00e8ve<\/strong>, tandis que <strong>20 % travaillent dans le canton de Vaud et 8 % \u00e0 B\u00e2le-Ville<\/strong>. Les secteurs d\u2019activit\u00e9 varient selon les r\u00e9gions et les comp\u00e9tences recherch\u00e9es.<\/p>\n\n\n\n<p>Les frontaliers sont principalement employ\u00e9s <strong>dans l\u2019industrie, l\u2019administration, le commerce, la sant\u00e9 et les domaines techniques<\/strong>. Toutefois, dans le <strong>Territoire de Belfort<\/strong>, l\u2019industrie est particuli\u00e8rement dominante, avec une pr\u00e9sence <strong>quatre fois plus importante<\/strong> que dans les d\u00e9partements limitrophes de Gen\u00e8ve. Cette orientation \u00e9conomique se refl\u00e8te aussi dans les niveaux de r\u00e9mun\u00e9ration, plus \u00e9lev\u00e9s en Haute-Savoie et dans l\u2019Ain, o\u00f9 l\u2019emploi est davantage tourn\u00e9 vers des services \u00e0 forte valeur ajout\u00e9e.<\/p>\n\n\n\n<p>Le <strong>secteur de la sant\u00e9<\/strong> semble moins repr\u00e9sent\u00e9 qu\u2019on pourrait le penser. Une partie des travailleurs m\u00e9dicaux \u00e9tant employ\u00e9s en int\u00e9rim \u00e0 Gen\u00e8ve, ils sont comptabilis\u00e9s dans la cat\u00e9gorie des <strong>activit\u00e9s de services administratifs et de soutien<\/strong>, ce qui fausse leur r\u00e9elle pr\u00e9sence dans le domaine m\u00e9dical.<\/p>\n\n\n\n<h2 class=\"wp-block-heading\">Un choix d\u2019affiliation en mutation<\/h2>\n\n\n\n<p>L\u2019augmentation du nombre de frontaliers s\u2019accompagne d\u2019une <strong>baisse des affiliations \u00e0 la s\u00e9curit\u00e9 sociale fran\u00e7aise<\/strong>, au profit de la <strong>LAMal suisse<\/strong>. Ce basculement pourrait \u00eatre li\u00e9 \u00e0 un manque d\u2019attractivit\u00e9 du syst\u00e8me fran\u00e7ais pour les travailleurs \u00e0 hauts revenus.<\/p>\n\n\n\n<p>Les r\u00e9sultats de l\u2019\u00e9tude confirment la place essentielle des frontaliers fran\u00e7ais dans le march\u00e9 du travail suisse. Avec une r\u00e9partition g\u00e9ographique marqu\u00e9e et des \u00e9carts de r\u00e9mun\u00e9ration significatifs, leur pr\u00e9sence fa\u00e7onne l\u2019\u00e9conomie transfrontali\u00e8re et \u00e9volue au gr\u00e9 des dynamiques du march\u00e9 de l\u2019emploi.<\/p>\n","protected":false},"excerpt":{"rendered":"<p>Avec 224 298 travailleurs fran\u00e7ais exer\u00e7ant en Suisse, les frontaliers repr\u00e9sentent plus de la moiti\u00e9 des effectifs transfrontaliers du pays. Une \u00e9tude de l\u2019Urssaf Franche-Comt\u00e9 r\u00e9v\u00e8le leur profil, leur secteur d\u2019activit\u00e9 et leur r\u00e9partition g\u00e9ographique. Quels sont les parcours, les salaires et les choix de couverture sociale de ces travailleurs ?<\/p>\n","protected":false},"author":37,"featured_media":100799,"comment_status":"open","ping_status":"closed","sticky":false,"template":"","format":"standard","meta":{"footnotes":""},"categories":[26],"tags":[],"class_list":["post-100796","post","type-post","status-publish","format-standard","has-post-thumbnail","hentry","category-emploi","generate-columns","tablet-grid-50","mobile-grid-100","grid-parent","grid-33","no-featured-image-padding"],"_links":{"self":[{"href":"https:\/\/econostrum.info\/suisse\/wp-json\/wp\/v2\/posts\/100796","targetHints":{"allow":["GET"]}}],"collection":[{"href":"https:\/\/econostrum.info\/suisse\/wp-json\/wp\/v2\/posts"}],"about":[{"href":"https:\/\/econostrum.info\/suisse\/wp-json\/wp\/v2\/types\/post"}],"author":[{"embeddable":true,"href":"https:\/\/econostrum.info\/suisse\/wp-json\/wp\/v2\/users\/37"}],"replies":[{"embeddable":true,"href":"https:\/\/econostrum.info\/suisse\/wp-json\/wp\/v2\/comments?post=100796"}],"version-history":[{"count":0,"href":"https:\/\/econostrum.info\/suisse\/wp-json\/wp\/v2\/posts\/100796\/revisions"}],"wp:featuredmedia":[{"embeddable":true,"href":"https:\/\/econostrum.info\/suisse\/wp-json\/wp\/v2\/media\/100799"}],"wp:attachment":[{"href":"https:\/\/econostrum.info\/suisse\/wp-json\/wp\/v2\/media?parent=100796"}],"wp:term":[{"taxonomy":"category","embeddable":true,"href":"https:\/\/econostrum.info\/suisse\/wp-json\/wp\/v2\/categories?post=100796"},{"taxonomy":"post_tag","embeddable":true,"href":"https:\/\/econostrum.info\/suisse\/wp-json\/wp\/v2\/tags?post=100796"}],"curies":[{"name":"wp","href":"https:\/\/api.w.org\/{rel}","templated":true}]}}