{"id":100557,"date":"2025-01-22T13:55:00","date_gmt":"2025-01-22T12:55:00","guid":{"rendered":"https:\/\/econostrum.info\/suisse\/?p=100557"},"modified":"2025-01-22T13:50:26","modified_gmt":"2025-01-22T12:50:26","slug":"salt-augmentation-abonnements-mobiles","status":"publish","type":"post","link":"https:\/\/econostrum.info\/suisse\/salt-augmentation-abonnements-mobiles\/","title":{"rendered":"Salt annonce une nouvelle augmentation de ses abonnements mobiles d\u00e8s mars 2025"},"content":{"rendered":"\n<p><strong>L\u2019op\u00e9rateur suisse Salt <\/strong>augmentera ses<strong> tarifs d\u2019abonnements mobiles <\/strong>de 1 \u00e0 2 francs d\u00e8s mars 2025. Une d\u00e9cision justifi\u00e9e par la hausse des co\u00fbts li\u00e9s \u00e0 l\u2019\u00e9nergie, aux assurances et aux loyers. Les clients concern\u00e9s seront avertis par SMS ou e-mail.<\/p>\n\n\n\n<p>Cette augmentation s\u2019inscrit dans un contexte \u00e9conomique marqu\u00e9 par une inflation persistante. Elle refl\u00e8te \u00e9galement une tendance observ\u00e9e chez d\u2019autres op\u00e9rateurs tels que Sunrise et Swisscom.<\/p>\n\n\n\n<h2 class=\"wp-block-heading\"><strong>Une hausse des tarifs dans un contexte inflationniste<\/strong><\/h2>\n\n\n\n<p><a href=\"https:\/\/econostrum.info\/suisse\/salt-engagement-suisse\/\" data-type=\"post\" data-id=\"4449\">Salt<\/a>, le troisi\u00e8me op\u00e9rateur mobile de Suisse, a r\u00e9cemment annonc\u00e9 une augmentation de 2 % en moyenne des prix de ses abonnements mobiles. D\u00e8s le 1\u1d49\u02b3 mars 2025, les clients verront leur facture mensuelle grimper de 1 \u00e0 2 francs selon leur abonnement. Cette d\u00e9cision intervient apr\u00e8s des hausses similaires d\u00e9j\u00e0 appliqu\u00e9es en juillet 2023. Salt explique ces ajustements par l\u2019augmentation g\u00e9n\u00e9ralis\u00e9e des co\u00fbts, notamment une <strong>hausse de 19 % des d\u00e9penses d\u2019\u00e9lectricit\u00e9<\/strong>, ainsi que des primes d\u2019assurance et des loyers.<\/p>\n\n\n\n<p>Bien que ce soit une d\u00e9cision impopulaire, Salt affirme avoir absorb\u00e9 une partie de ces hausses pour limiter leur r\u00e9percussion sur les consommateurs. Cependant, cette mesure s\u2019inscrit dans une tendance g\u00e9n\u00e9ralis\u00e9e, puisque<a href=\"https:\/\/econostrum.info\/suisse\/abonnes-sunrise-nouvelle-hausse-tarifs-2025\/\" data-type=\"post\" data-id=\"100223\"> Sunrise<\/a> et <a href=\"https:\/\/econostrum.info\/suisse\/swisscom-mise-a-jour-risque-donnees-personnelles\/\" data-type=\"post\" data-id=\"5345\">Swisscom<\/a> avaient d\u00e9j\u00e0 appliqu\u00e9 des augmentations comparables dans le pass\u00e9. Ces <strong>r\u00e9visions tarifaires<\/strong>, bien que l\u00e9gales gr\u00e2ce \u00e0 des clauses contractuelles, suscitent des r\u00e9actions mitig\u00e9es parmi les utilisateurs, et certains envisagent de r\u00e9silier leur abonnement en guise de protestation.<\/p>\n\n\n\n<h2 class=\"wp-block-heading\"><strong>Un impact direct sur les abonn\u00e9s existants<\/strong> de Salt<\/h2>\n\n\n\n<p>Contrairement aux nouveaux contrats, ces augmentations toucheront \u00e9galement les abonn\u00e9s actuels avec des contrats d\u00e9j\u00e0 existants. Les clauses contractuelles de Salt permettent \u00e0 l\u2019op\u00e9rateur d<strong>\u2019ajuster les prix<\/strong>, \u00e0 condition d\u2019en informer les clients \u00e0 l\u2019avance. Les utilisateurs recevront un <strong>courriel ou un SMS<\/strong> d\u00e9taillant les nouvelles conditions, leur laissant la possibilit\u00e9 de r\u00e9silier leur abonnement sans p\u00e9nalit\u00e9.<\/p>\n\n\n\n<p>Cette d\u00e9cision met en lumi\u00e8re un d\u00e9bat plus large sur la transparence des op\u00e9rateurs et leur relation avec leurs clients. La F\u00e9d\u00e9ration romande des consommateurs (FRC) a, \u00e0 plusieurs reprises, critiqu\u00e9 ces hausses de prix en cours de contrat. Selon elle, de telles pratiques sont l\u00e9galement permises, mais peu \u00e9thiques, en raison du d\u00e9s\u00e9quilibre entre les entreprises et les abonn\u00e9s, souvent pris au d\u00e9pourvu.<\/p>\n\n\n\n<p>Salt reste n\u00e9anmoins ferme sur ses positions, arguant que l\u2019inflation et la conjoncture \u00e9conomique actuelle rendent ces ajustements in\u00e9vitables pour maintenir la qualit\u00e9 de ses services. Cette d\u00e9claration, bien qu\u2019explicative, peine \u00e0 convaincre une partie des abonn\u00e9s d\u00e9j\u00e0 \u00e9chaud\u00e9s par des augmentations successives.<\/p>\n\n\n\n<p><\/p>\n","protected":false},"excerpt":{"rendered":"<p>Salt augmentera les prix de ses abonnements mobiles de 1 \u00e0 2 francs d\u00e8s mars 2025. L\u2019op\u00e9rateur justifie cette d\u00e9cision par la hausse des co\u00fbts li\u00e9s \u00e0 l\u2019\u00e9nergie et aux loyers. Les clients concern\u00e9s pourront r\u00e9silier leur contrat sans frais s\u2019ils le souhaitent.<\/p>\n","protected":false},"author":35,"featured_media":100558,"comment_status":"open","ping_status":"closed","sticky":false,"template":"","format":"standard","meta":{"footnotes":""},"categories":[25],"tags":[],"class_list":["post-100557","post","type-post","status-publish","format-standard","has-post-thumbnail","hentry","category-conso","generate-columns","tablet-grid-50","mobile-grid-100","grid-parent","grid-33","no-featured-image-padding"],"_links":{"self":[{"href":"https:\/\/econostrum.info\/suisse\/wp-json\/wp\/v2\/posts\/100557","targetHints":{"allow":["GET"]}}],"collection":[{"href":"https:\/\/econostrum.info\/suisse\/wp-json\/wp\/v2\/posts"}],"about":[{"href":"https:\/\/econostrum.info\/suisse\/wp-json\/wp\/v2\/types\/post"}],"author":[{"embeddable":true,"href":"https:\/\/econostrum.info\/suisse\/wp-json\/wp\/v2\/users\/35"}],"replies":[{"embeddable":true,"href":"https:\/\/econostrum.info\/suisse\/wp-json\/wp\/v2\/comments?post=100557"}],"version-history":[{"count":0,"href":"https:\/\/econostrum.info\/suisse\/wp-json\/wp\/v2\/posts\/100557\/revisions"}],"wp:featuredmedia":[{"embeddable":true,"href":"https:\/\/econostrum.info\/suisse\/wp-json\/wp\/v2\/media\/100558"}],"wp:attachment":[{"href":"https:\/\/econostrum.info\/suisse\/wp-json\/wp\/v2\/media?parent=100557"}],"wp:term":[{"taxonomy":"category","embeddable":true,"href":"https:\/\/econostrum.info\/suisse\/wp-json\/wp\/v2\/categories?post=100557"},{"taxonomy":"post_tag","embeddable":true,"href":"https:\/\/econostrum.info\/suisse\/wp-json\/wp\/v2\/tags?post=100557"}],"curies":[{"name":"wp","href":"https:\/\/api.w.org\/{rel}","templated":true}]}}