{"id":100529,"date":"2025-01-22T10:45:00","date_gmt":"2025-01-22T09:45:00","guid":{"rendered":"https:\/\/econostrum.info\/suisse\/?p=100529"},"modified":"2025-01-22T10:24:47","modified_gmt":"2025-01-22T09:24:47","slug":"geneve-record-historique-nouveaux-travailleurs-frontaliers-profil","status":"publish","type":"post","link":"https:\/\/econostrum.info\/suisse\/geneve-record-historique-nouveaux-travailleurs-frontaliers-profil\/","title":{"rendered":"Gen\u00e8ve enregistre un record historique de nouveaux travailleurs frontaliers : voici leur profil"},"content":{"rendered":"\n<p><strong>Gen\u00e8ve<\/strong> reste un p\u00f4le \u00e9conomique cl\u00e9, attirant chaque ann\u00e9e des milliers de travailleurs frontaliers. En 2024, ce ph\u00e9nom\u00e8ne s\u2019est intensifi\u00e9, avec pr\u00e8s de <strong>25 000 nouveaux permis G <\/strong>d\u00e9livr\u00e9s, confirmant une demande croissante de main-d\u2019\u0153uvre. Ce record met en lumi\u00e8re la place centrale qu\u2019occupent les frontaliers dans des secteurs essentiels \u00e0 l\u2019\u00e9conomie locale.<\/p>\n\n\n\n<p>Cette situation n\u2019est pas sans cons\u00e9quences. La hausse constante du nombre de travailleurs transfrontaliers pose des d\u00e9fis en mati\u00e8re de mobilit\u00e9, de logement et de coh\u00e9sion sociale dans le Grand Gen\u00e8ve, qui s\u2019\u00e9tend bien au-del\u00e0 des fronti\u00e8res suisses.<\/p>\n\n\n\n<h2 class=\"wp-block-heading\">Une \u00e9volution marquante dans la mobilit\u00e9 des frontaliers<\/h2>\n\n\n\n<p>D\u2019apr\u00e8s les donn\u00e9es publi\u00e9es par l\u2019Office cantonal de la statistique (Ocstat), Gen\u00e8ve a franchi un seuil symbolique en 2024 avec<strong> 24 835 nouveaux titulaires de permis G<\/strong>. Ce chiffre marque une progression pour la troisi\u00e8me ann\u00e9e cons\u00e9cutive au-del\u00e0 des<strong> 20 000 inscription<\/strong>s.<\/p>\n\n\n\n<p>Le profil des nouveaux travailleurs frontaliers montre une pr\u00e9dominance des <strong>jeunes actifs \u00e2g\u00e9s de 20 \u00e0 34 ans<\/strong>, qui repr\u00e9sentent <strong>61 % des inscrits<\/strong>. Les hommes constituent \u00e9galement une majorit\u00e9, avec <strong>60 %<\/strong> des effectifs. En termes g\u00e9ographiques, les deux tiers r\u00e9sident en <strong>Haute-Savoie<\/strong>, tandis que <strong>19 %<\/strong> habitent dans l\u2019<strong>Ain<\/strong>. Une proportion non n\u00e9gligeable, repr\u00e9sentant <strong>14 %<\/strong>, vient de d\u00e9partements fran\u00e7ais plus \u00e9loign\u00e9s, parmi lesquels on compte <strong>132 Parisiens<\/strong>.<\/p>\n\n\n\n<p>Autre fait marquant : environ <strong>600 nouveaux<a href=\"https:\/\/econostrum.info\/suisse\/augmentation-travailleurs-frontaliers\/\" data-type=\"post\" data-id=\"3060\"> frontaliers<\/a><\/strong> sont d\u2019anciens r\u00e9sidents genevois qui ont choisi de s\u2019installer dans des communes fran\u00e7aises voisines tout en conservant leur emploi \u00e0 Gen\u00e8ve. Ce ph\u00e9nom\u00e8ne illustre un d\u00e9placement progressif des r\u00e9sidents \u00e9trangers vers des zones plus abordables en termes de co\u00fbt de vie.<\/p>\n\n\n\n<h2 class=\"wp-block-heading\">Des secteurs \u00e9conomiques tr\u00e8s d\u00e9pendants<\/h2>\n\n\n\n<p>Certains secteurs d\u2019activit\u00e9 apparaissent comme particuli\u00e8rement tributaires des travailleurs frontaliers. En t\u00eate, on retrouve la <strong>restauration<\/strong>, avec <strong>1 917 nouveaux emplois<\/strong> occup\u00e9s en 2024, suivie de pr\u00e8s par les domaines de la <strong>sant\u00e9 et de l\u2019action sociale<\/strong> (<strong>1 891<\/strong>), du <strong>commerce de d\u00e9tail<\/strong> (<strong>1 635<\/strong>) et de la <strong>construction<\/strong> (<strong>1 258<\/strong>). Ces chiffres soulignent l\u2019importance des frontaliers pour r\u00e9pondre aux besoins de secteurs cl\u00e9s pour Gen\u00e8ve.<\/p>\n\n\n\n<p>Les <strong>agences de placement<\/strong>, quant \u00e0 elles, continuent de jouer un r\u00f4le crucial dans cette dynamique. Elles ont recrut\u00e9 <strong>5 404 frontaliers<\/strong>, bien que l\u2019Office cantonal de la statistique pr\u00e9cise ne pas disposer de donn\u00e9es sur les secteurs pr\u00e9cis o\u00f9 ces travailleurs ont \u00e9t\u00e9 affect\u00e9s.<\/p>\n\n\n\n<p>Ce mouvement transfrontalier souligne l&rsquo;interd\u00e9pendance \u00e9conomique entre Gen\u00e8ve et les r\u00e9gions voisines, tout en posant des questions sur les infrastructures n\u00e9cessaires pour soutenir cette croissance. Les statistiques compl\u00e8tes sur les effectifs des frontaliers actifs seront disponibles en<strong> f\u00e9vrier 2025<\/strong>, pour une vue d\u2019ensemble encore plus pr\u00e9cise.<\/p>\n\n\n\n<p><\/p>\n","protected":false},"excerpt":{"rendered":"<p>Avec 24 835 nouveaux permis de travail transfrontalier d\u00e9livr\u00e9s, Gen\u00e8ve atteint un niveau in\u00e9dit en 2024. Ce chiffre, jamais observ\u00e9 depuis 1989, refl\u00e8te l&rsquo;attractivit\u00e9 du canton et des changements dans la mobilit\u00e9 transfrontali\u00e8re.<\/p>\n","protected":false},"author":37,"featured_media":100535,"comment_status":"open","ping_status":"closed","sticky":false,"template":"","format":"standard","meta":{"footnotes":""},"categories":[26],"tags":[],"class_list":["post-100529","post","type-post","status-publish","format-standard","has-post-thumbnail","hentry","category-emploi","generate-columns","tablet-grid-50","mobile-grid-100","grid-parent","grid-33","no-featured-image-padding"],"_links":{"self":[{"href":"https:\/\/econostrum.info\/suisse\/wp-json\/wp\/v2\/posts\/100529","targetHints":{"allow":["GET"]}}],"collection":[{"href":"https:\/\/econostrum.info\/suisse\/wp-json\/wp\/v2\/posts"}],"about":[{"href":"https:\/\/econostrum.info\/suisse\/wp-json\/wp\/v2\/types\/post"}],"author":[{"embeddable":true,"href":"https:\/\/econostrum.info\/suisse\/wp-json\/wp\/v2\/users\/37"}],"replies":[{"embeddable":true,"href":"https:\/\/econostrum.info\/suisse\/wp-json\/wp\/v2\/comments?post=100529"}],"version-history":[{"count":0,"href":"https:\/\/econostrum.info\/suisse\/wp-json\/wp\/v2\/posts\/100529\/revisions"}],"wp:featuredmedia":[{"embeddable":true,"href":"https:\/\/econostrum.info\/suisse\/wp-json\/wp\/v2\/media\/100535"}],"wp:attachment":[{"href":"https:\/\/econostrum.info\/suisse\/wp-json\/wp\/v2\/media?parent=100529"}],"wp:term":[{"taxonomy":"category","embeddable":true,"href":"https:\/\/econostrum.info\/suisse\/wp-json\/wp\/v2\/categories?post=100529"},{"taxonomy":"post_tag","embeddable":true,"href":"https:\/\/econostrum.info\/suisse\/wp-json\/wp\/v2\/tags?post=100529"}],"curies":[{"name":"wp","href":"https:\/\/api.w.org\/{rel}","templated":true}]}}