{"id":100458,"date":"2025-01-19T11:11:39","date_gmt":"2025-01-19T10:11:39","guid":{"rendered":"https:\/\/econostrum.info\/suisse\/?p=100458"},"modified":"2025-01-19T11:11:41","modified_gmt":"2025-01-19T10:11:41","slug":"combien-depenser-sacs-recypac-coop-et-migros","status":"publish","type":"post","link":"https:\/\/econostrum.info\/suisse\/combien-depenser-sacs-recypac-coop-et-migros\/","title":{"rendered":"Combien faut-il d\u00e9penser pour les sacs Recypac de Coop et Migros ?"},"content":{"rendered":"\n<p>Chaque ann\u00e9e, la Suisse g\u00e9n\u00e8re d&rsquo;importants volumes de d\u00e9chets recyclables, notamment des briques de boissons et des emballages plastiques. Pourtant, l&rsquo;absence d\u2019un syst\u00e8me de collecte national adapt\u00e9 limite le recyclage de ces mat\u00e9riaux. Les initiatives existantes, souvent locales ou priv\u00e9es, ne permettent pas de traiter efficacement ces volumes.<\/p>\n\n\n\n<p>C\u2019est pour r\u00e9pondre \u00e0 ce d\u00e9fi que plusieurs entreprises, dont <strong>Migros<\/strong>, <strong>Coop<\/strong>, <strong>Lidl<\/strong>, <strong>Aldi<\/strong> et <strong>Emmi<\/strong>, se sont associ\u00e9es pour lancer <strong>Recypac<\/strong>, une solution qui ambitionne d\u2019uniformiser le recyclage \u00e0 travers le pays.<\/p>\n\n\n\n<h2 class=\"wp-block-heading\">Une initiative nationale port\u00e9e par des acteurs majeurs<\/h2>\n\n\n\n<p>Le <strong>projet Recypac<\/strong> repose sur la mise en place de sacs de collecte sp\u00e9cifiques, con\u00e7us pour accueillir des emballages plastiques et des briques de boissons. Ces sacs, disponibles en plusieurs tailles, sont propos\u00e9s \u00e0 des prix fixes  :<\/p>\n\n\n\n<ul class=\"wp-block-list\">\n<li><strong>17 litres : 1 CHF<\/strong><\/li>\n\n\n\n<li><strong>35 litres : 1,60 CHF<\/strong><\/li>\n\n\n\n<li><strong>60 litres : 2,40 CHF<\/strong><\/li>\n\n\n\n<li><strong>110 litres : 4 CHF<\/strong><\/li>\n<\/ul>\n\n\n\n<p>Ce syst\u00e8me a \u00e9t\u00e9 d\u00e9voil\u00e9 \u00e0 <strong><a href=\"https:\/\/econostrum.info\/suisse\/suisse-nouvelles-liaisons-aeriennes-2025-depart-zurich-berne-geneve-bale\/\" data-type=\"post\" data-id=\"100011\">Berne<\/a><\/strong>, o\u00f9 il est d\u00e9j\u00e0 op\u00e9rationnel. D&rsquo;autres communes comme <strong>Dietikon<\/strong>, <strong>Greifensee<\/strong>, <strong>Oetwil an der Limmat<\/strong> et <strong>Schlieren<\/strong> ont \u00e9galement commenc\u00e9 \u00e0 adopter ces sacs. La solution vise \u00e0 compl\u00e9ter les collectes de tri d\u00e9j\u00e0 en place dans ces r\u00e9gions. Selon <strong>Christian Jordi<\/strong>, directeur du service d\u2019\u00e9limination des d\u00e9chets et du recyclage de Berne, Recypac constitue une alternative pratique et efficace pour renforcer les pratiques de tri locales.<\/p>\n\n\n\n<h2 class=\"wp-block-heading\">Des ambitions claires pour simplifier le recyclage<\/h2>\n\n\n\n<p>Au-del\u00e0 de son objectif \u00e9cologique, Recypac cherche \u00e0 faciliter la vie des consommateurs. <strong>Christopher Rohrer<\/strong>, responsable du d\u00e9veloppement durable chez Migros, explique que l\u2019uniformisation des pratiques de tri dans tout le pays pourrait engendrer des <strong>gains d\u2019efficacit\u00e9<\/strong> tout en simplifiant la gestion des d\u00e9chets pour les m\u00e9nages suisses.<\/p>\n\n\n\n<p>Avec Recypac, les m\u00e9nages pourront <strong>trier leurs d\u00e9chets de mani\u00e8re standardis\u00e9e<\/strong>, peu importe leur localisation, renfor\u00e7ant ainsi l&rsquo;efficacit\u00e9 du recyclage en Suisse. Si cette initiative atteint son objectif, elle pourrait devenir un mod\u00e8le pour d&rsquo;autres pays cherchant \u00e0 am\u00e9liorer leurs pratiques de recyclage.<\/p>\n","protected":false},"excerpt":{"rendered":"<p>Le recyclage des emballages plastiques et des briques de boissons prend un nouveau tournant en Suisse. Gr\u00e2ce \u00e0 l\u2019initiative Recypac, port\u00e9e par Migros, Coop, Nestl\u00e9 et d\u2019autres acteurs majeurs, un syst\u00e8me de collecte national voit le jour, avec des sacs adapt\u00e9s vendus \u00e0 des prix abordables.<\/p>\n","protected":false},"author":37,"featured_media":100459,"comment_status":"open","ping_status":"closed","sticky":false,"template":"","format":"standard","meta":{"footnotes":""},"categories":[25],"tags":[],"class_list":["post-100458","post","type-post","status-publish","format-standard","has-post-thumbnail","hentry","category-conso","generate-columns","tablet-grid-50","mobile-grid-100","grid-parent","grid-33","no-featured-image-padding"],"_links":{"self":[{"href":"https:\/\/econostrum.info\/suisse\/wp-json\/wp\/v2\/posts\/100458","targetHints":{"allow":["GET"]}}],"collection":[{"href":"https:\/\/econostrum.info\/suisse\/wp-json\/wp\/v2\/posts"}],"about":[{"href":"https:\/\/econostrum.info\/suisse\/wp-json\/wp\/v2\/types\/post"}],"author":[{"embeddable":true,"href":"https:\/\/econostrum.info\/suisse\/wp-json\/wp\/v2\/users\/37"}],"replies":[{"embeddable":true,"href":"https:\/\/econostrum.info\/suisse\/wp-json\/wp\/v2\/comments?post=100458"}],"version-history":[{"count":0,"href":"https:\/\/econostrum.info\/suisse\/wp-json\/wp\/v2\/posts\/100458\/revisions"}],"wp:featuredmedia":[{"embeddable":true,"href":"https:\/\/econostrum.info\/suisse\/wp-json\/wp\/v2\/media\/100459"}],"wp:attachment":[{"href":"https:\/\/econostrum.info\/suisse\/wp-json\/wp\/v2\/media?parent=100458"}],"wp:term":[{"taxonomy":"category","embeddable":true,"href":"https:\/\/econostrum.info\/suisse\/wp-json\/wp\/v2\/categories?post=100458"},{"taxonomy":"post_tag","embeddable":true,"href":"https:\/\/econostrum.info\/suisse\/wp-json\/wp\/v2\/tags?post=100458"}],"curies":[{"name":"wp","href":"https:\/\/api.w.org\/{rel}","templated":true}]}}