{"id":100280,"date":"2025-01-11T09:17:00","date_gmt":"2025-01-11T08:17:00","guid":{"rendered":"https:\/\/econostrum.info\/suisse\/?p=100280"},"modified":"2025-01-10T23:10:55","modified_gmt":"2025-01-10T22:10:55","slug":"chomage-hausse-suisse-2024-regions-secteurs-souffrent-plus","status":"publish","type":"post","link":"https:\/\/econostrum.info\/suisse\/chomage-hausse-suisse-2024-regions-secteurs-souffrent-plus\/","title":{"rendered":"Le ch\u00f4mage repart \u00e0 la hausse en Suisse avec 2,4 % en 2024 : quelles r\u00e9gions et secteurs souffrent le plus ?"},"content":{"rendered":"\n<p>Le <strong>ch\u00f4mage en Suisse<\/strong> reste faible par rapport aux moyennes historiques, soulignant la r\u00e9silience du march\u00e9 de l\u2019emploi. Pourtant, les donn\u00e9es de 2024 montrent un <strong>affaiblissement de la dynamique \u00e9conomique<\/strong>, notamment dans l\u2019industrie. Avec une progression du taux de ch\u00f4mage \u00e0<strong> 2,8 % en d\u00e9cembre<\/strong>, l\u2019impact des tensions conjoncturelles devient plus tangible.<\/p>\n\n\n\n<p>Les chiffres r\u00e9v\u00e8lent \u00e9galement des in\u00e9galit\u00e9s r\u00e9gionales et d\u00e9mographiques. Les cantons romands comme le <strong>Jura (4,9 %)<\/strong>,<strong> Gen\u00e8ve (4,6 %) <\/strong>et <strong>Vaud (4,5 %) <\/strong>affichent des taux bien sup\u00e9rieurs \u00e0 la moyenne nationale. De plus, les <strong>jeunes et les travailleurs \u00e2g\u00e9s<\/strong> subissent des hausses marqu\u00e9es, avec une augmentation du ch\u00f4mage de <strong>22,8 % <\/strong>pour les moins de 25 ans et de <strong>19,1 %<\/strong> pour les 50-64 ans par rapport \u00e0 l\u2019ann\u00e9e pr\u00e9c\u00e9dente.<\/p>\n\n\n\n<h2 class=\"wp-block-heading\">Un ralentissement industriel \u00e0 l\u2019origine de la hausse<\/h2>\n\n\n\n<p>Le <strong>secteur industriel suisse<\/strong> a connu une ann\u00e9e difficile, principalement en raison d\u2019un repli marqu\u00e9 de la demande. Cette baisse a<strong> r\u00e9duit le besoin de main-d&rsquo;\u0153uvre qualifi\u00e9e<\/strong>, contribuant ainsi \u00e0 un rel\u00e2chement de la pression sur la p\u00e9nurie de personnel observ\u00e9e ces derni\u00e8res ann\u00e9es. Par cons\u00e9quent, l\u2019augmentation du ch\u00f4mage, bien que limit\u00e9e, refl\u00e8te un ajustement conjoncturel plut\u00f4t qu\u2019une crise structurelle.<\/p>\n\n\n\n<p>En d\u00e9cembre 2024, la Suisse comptait <strong>130 293 ch\u00f4meurs<\/strong>, une<strong> hausse de 7,6 % <\/strong>par rapport au mois pr\u00e9c\u00e9dent. Cette augmentation s\u2019inscrit dans une tendance saisonni\u00e8re, mais elle met aussi en lumi\u00e8re les fragilit\u00e9s de certaines branches de l\u2019\u00e9conomie.<\/p>\n\n\n\n<h2 class=\"wp-block-heading\">Des disparit\u00e9s r\u00e9gionales et g\u00e9n\u00e9rationnelles<\/h2>\n\n\n\n<p>L&rsquo;analyse par r\u00e9gion montre une Suisse divis\u00e9e. Alors que les cantons al\u00e9maniques comme <strong>Berne (2,1 %)<\/strong> sont relativement \u00e9pargn\u00e9s, les <strong>cantons romands<\/strong> pr\u00e9sentent des <strong>taux bien sup\u00e9rieurs<\/strong>, avec une situation particuli\u00e8rement marqu\u00e9e dans le <strong>Jura<\/strong> et <strong>Gen\u00e8ve<\/strong>. Ces disparit\u00e9s refl\u00e8tent non seulement des diff\u00e9rences structurelles, mais aussi des d\u00e9fis locaux dans certains secteurs.<\/p>\n\n\n\n<p>Les<a href=\"https:\/\/econostrum.info\/suisse\/transports-publics-gratuits-jeunes-reduction-seniors-geneve\/\" data-type=\"post\" data-id=\"100071\"> jeunes et les seniors<\/a> sont particuli\u00e8rement touch\u00e9s. En d\u00e9cembre 2024, <strong>12 163 jeunes<\/strong> \u00e9taient sans emploi, une augmentation de <strong>22,8 %<\/strong> en un an. Du c\u00f4t\u00e9 des travailleurs \u00e2g\u00e9s, le nombre de ch\u00f4meurs a atteint <strong>35 866<\/strong>, soit une hausse de <strong>19,1 %<\/strong>. Ces chiffres soulignent l&rsquo;importance d&rsquo;adapter les politiques d&#8217;emploi pour ces groupes.<\/p>\n\n\n\n<h2 class=\"wp-block-heading\">Des perspectives pour 2025 : stabilisation en vue<\/h2>\n\n\n\n<p>Malgr\u00e9 les chiffres de 2024, les experts tablent sur une stabilisation pour l&rsquo;ann\u00e9e \u00e0 venir. Avec une <strong>pr\u00e9vision annuelle moyenne de 2,7 %<\/strong>, le taux de ch\u00f4mage devrait rester proche du <strong>niveau dit \u00ab neutre \u00bb <\/strong>sur le plan conjoncturel. Par ailleurs, l\u2019<strong>assurance-ch\u00f4mage<\/strong> continue d\u2019afficher un exc\u00e9dent, bien que r\u00e9duit par rapport \u00e0 2023, avec des<strong> <\/strong>recettes estim\u00e9es \u00e0<strong> 8,86 milliards de francs<\/strong> pour 2024.<\/p>\n","protected":false},"excerpt":{"rendered":"<p>En 2024, le ch\u00f4mage en Suisse a progress\u00e9 l\u00e9g\u00e8rement, atteignant une moyenne annuelle de 2,4 %, contre 2 % l\u2019ann\u00e9e pr\u00e9c\u00e9dente. Cette hausse, bien que mod\u00e9r\u00e9e, s\u2019inscrit dans un contexte \u00e9conomique marqu\u00e9 par un ralentissement de la production industrielle et une diminution des besoins en main-d\u2019\u0153uvre qualifi\u00e9e.<\/p>\n","protected":false},"author":37,"featured_media":100281,"comment_status":"open","ping_status":"closed","sticky":false,"template":"","format":"standard","meta":{"footnotes":""},"categories":[26],"tags":[],"class_list":["post-100280","post","type-post","status-publish","format-standard","has-post-thumbnail","hentry","category-emploi","generate-columns","tablet-grid-50","mobile-grid-100","grid-parent","grid-33","no-featured-image-padding"],"_links":{"self":[{"href":"https:\/\/econostrum.info\/suisse\/wp-json\/wp\/v2\/posts\/100280","targetHints":{"allow":["GET"]}}],"collection":[{"href":"https:\/\/econostrum.info\/suisse\/wp-json\/wp\/v2\/posts"}],"about":[{"href":"https:\/\/econostrum.info\/suisse\/wp-json\/wp\/v2\/types\/post"}],"author":[{"embeddable":true,"href":"https:\/\/econostrum.info\/suisse\/wp-json\/wp\/v2\/users\/37"}],"replies":[{"embeddable":true,"href":"https:\/\/econostrum.info\/suisse\/wp-json\/wp\/v2\/comments?post=100280"}],"version-history":[{"count":0,"href":"https:\/\/econostrum.info\/suisse\/wp-json\/wp\/v2\/posts\/100280\/revisions"}],"wp:featuredmedia":[{"embeddable":true,"href":"https:\/\/econostrum.info\/suisse\/wp-json\/wp\/v2\/media\/100281"}],"wp:attachment":[{"href":"https:\/\/econostrum.info\/suisse\/wp-json\/wp\/v2\/media?parent=100280"}],"wp:term":[{"taxonomy":"category","embeddable":true,"href":"https:\/\/econostrum.info\/suisse\/wp-json\/wp\/v2\/categories?post=100280"},{"taxonomy":"post_tag","embeddable":true,"href":"https:\/\/econostrum.info\/suisse\/wp-json\/wp\/v2\/tags?post=100280"}],"curies":[{"name":"wp","href":"https:\/\/api.w.org\/{rel}","templated":true}]}}