{"id":100022,"date":"2025-01-01T11:05:00","date_gmt":"2025-01-01T10:05:00","guid":{"rendered":"https:\/\/econostrum.info\/suisse\/?p=100022"},"modified":"2024-12-31T15:58:32","modified_gmt":"2024-12-31T14:58:32","slug":"suisse-penurie-medecins-dependance-diplomes-etrangers","status":"publish","type":"post","link":"https:\/\/econostrum.info\/suisse\/suisse-penurie-medecins-dependance-diplomes-etrangers\/","title":{"rendered":"La Suisse, entre p\u00e9nurie de m\u00e9decins et d\u00e9pendance aux dipl\u00f4m\u00e9s \u00e9trangers"},"content":{"rendered":"\n<p>Depuis plusieurs ann\u00e9es, la Suisse forme un <strong>nombre limit\u00e9 de m\u00e9decins chaque ann\u00e9e<\/strong>, for\u00e7ant de nombreux \u00e9tudiants \u00e0 poursuivre leur cursus \u00e0 l\u2019\u00e9tranger. Ce ph\u00e9nom\u00e8ne, amplifi\u00e9 par le <strong>recours massif \u00e0 des dipl\u00f4mes \u00e9trangers<\/strong>, questionne la viabilit\u00e9 de ce mod\u00e8le \u00e0 long terme.<\/p>\n\n\n\n<p>La d\u00e9pendance de la Suisse aux <strong>dipl\u00f4m\u00e9s europ\u00e9ens<\/strong> met en lumi\u00e8re des failles structurelles dans son syst\u00e8me de formation. Si cette strat\u00e9gie permet des \u00e9conomies imm\u00e9diates, elle aggrave la p\u00e9nurie dans des pays moins riches et nuit \u00e0 la coop\u00e9ration europ\u00e9enne.<\/p>\n\n\n\n<h2 class=\"wp-block-heading\">Le d\u00e9ficit de places en m\u00e9decine : un probl\u00e8me structurel<\/h2>\n\n\n\n<p>Chaque ann\u00e9e, la Suisse forme environ <strong>1200 m\u00e9decins<\/strong>, un chiffre insuffisant pour r\u00e9pondre \u00e0 la demande croissante. En 2022, la Conf\u00e9d\u00e9ration a reconnu<strong> 3364 dipl\u00f4mes \u00e9trangers<\/strong>, principalement issus de l\u2019Union europ\u00e9enne, pour combler ses besoins. Ce recours accru aux comp\u00e9tences \u00e9trang\u00e8res d\u00e9coule d\u2019un manque structurel de places de formation dans les universit\u00e9s suisses.<\/p>\n\n\n\n<p>Cette carence a pouss\u00e9 de nombreux jeunes \u00e0 s\u2019expatrier pour leurs <a href=\"https:\/\/econostrum.info\/suisse\/suisse-penurie-medecins\/\" data-type=\"post\" data-id=\"4061\">\u00e9tudes m\u00e9dicales<\/a>, notamment dans les pays d\u2019Europe de l\u2019Est. \u00c0 l\u2019universit\u00e9 de Cluj-Napoca, en Roumanie,<strong> 122 \u00e9tudiants suisses<\/strong> sont actuellement inscrits en m\u00e9decine, illustrant cette tendance. Ces d\u00e9parts refl\u00e8tent non seulement les limites impos\u00e9es par des politiques restrictives comme le<strong> numerus clausus<\/strong>, mais aussi une absence d\u2019investissement durable dans la formation m\u00e9dicale. Bien que le Parlement ait r\u00e9cemment vot\u00e9 pour supprimer cette restriction, l\u2019augmentation des capacit\u00e9s reste lente.<\/p>\n\n\n\n<p>Pour <strong>C\u00e9dric Wermuth<\/strong>, copr\u00e9sident du Parti socialiste suisse, ce syst\u00e8me r\u00e9v\u00e8le un dysfonctionnement majeur. Il demande une <strong>\u00e9valuation approfondie des co\u00fbts <\/strong>que repr\u00e9senterait la formation de ces professionnels en Suisse, compar\u00e9s aux \u00e9conomies r\u00e9alis\u00e9es gr\u00e2ce \u00e0 leur recrutement \u00e0 l\u2019\u00e9tranger. Cette d\u00e9pendance pose \u00e9galement des questions sur les responsabilit\u00e9s \u00e9thiques de la Suisse envers les pays formateurs.<\/p>\n\n\n\n<h2 class=\"wp-block-heading\">Les cons\u00e9quences internationales d\u2019une strat\u00e9gie nationale<\/h2>\n\n\n\n<p>L\u2019\u00e9tude d\u2019UBS de 2014 met en \u00e9vidence une \u00e9conomie annuelle comprise entre <strong>6 et 9 milliards de francs r<\/strong>\u00e9alis\u00e9e gr\u00e2ce \u00e0 l\u2019immigration de travailleurs qualifi\u00e9s. Cependant, cette approche cr\u00e9e des tensions au sein de l\u2019Union europ\u00e9enne. Les pays comme la Roumanie, qui forment de nombreux professionnels de sant\u00e9, voient leur syst\u00e8me m\u00e9dical affaibli par l\u2019\u00e9migration de leurs dipl\u00f4m\u00e9s vers des pays plus riches comme la Suisse.<\/p>\n\n\n\n<p>Cette cha\u00eene de d\u00e9pendance provoque une <strong>p\u00e9nurie g\u00e9n\u00e9ralis\u00e9e<\/strong>. Les pays de l\u2019Europe de l\u2019Est doivent recruter des professionnels dans des r\u00e9gions encore plus pauvres, aggravant les in\u00e9galit\u00e9s mondiales en mati\u00e8re de sant\u00e9. Comme le souligne C\u00e9dric Wermuth, \u00ab<em> ce sont pr\u00e9cis\u00e9ment les pays les plus pauvres du monde qui manquent de personnel m\u00e9dical <\/em>\u00bb.<\/p>\n\n\n\n<p>Le copr\u00e9sident du PS propose une r\u00e9forme en profondeur du mod\u00e8le suisse. Selon lui, il est essentiel d\u2019i<strong>nvestir massivement dans la formation m\u00e9dicale <\/strong>et d\u2019am\u00e9liorer les conditions de travail dans les secteurs de la sant\u00e9 pour \u00e9viter de p\u00e9naliser les pays partenaires. Il pointe \u00e9galement la lenteur de la mise en \u0153uvre de l\u2019initiative sur les soins infirmiers, pourtant vot\u00e9e pour rendre les professions m\u00e9dicales plus attractives.<\/p>\n\n\n\n<p>Ce d\u00e9bat s\u2019inscrit dans un contexte plus large, celui des <a href=\"https:\/\/econostrum.info\/suisse\/suisse-union-europeenne-nouvel-accord\/\" data-type=\"post\" data-id=\"99796\">relations entre la Suisse et l\u2019Union europ\u00e9enne<\/a>. Avec des paiements de coh\u00e9sion estim\u00e9s <strong>\u00e0 350 millions de francs par an<\/strong>, certains consid\u00e8rent ces contributions comme excessives. Pourtant, elles pourraient \u00eatre vues comme une compensation pour les \u00e9conomies r\u00e9alis\u00e9es sur les co\u00fbts de formation m\u00e9dicale \u00e0 l\u2019\u00e9tranger.<\/p>\n\n\n\n<p><\/p>\n","protected":false},"excerpt":{"rendered":"<p>Alors que la Suisse peine \u00e0 former suffisamment de m\u00e9decins pour r\u00e9pondre aux besoins de son syst\u00e8me de sant\u00e9, le pays se repose largement sur les dipl\u00f4m\u00e9s \u00e9trangers, notamment ceux form\u00e9s dans l\u2019Union europ\u00e9enne. Une strat\u00e9gie \u00e9conomique controvers\u00e9e qui soul\u00e8ve des enjeux \u00e9thiques et des tensions avec ses voisins europ\u00e9ens.<\/p>\n","protected":false},"author":37,"featured_media":100026,"comment_status":"open","ping_status":"closed","sticky":false,"template":"","format":"standard","meta":{"footnotes":""},"categories":[26],"tags":[],"class_list":["post-100022","post","type-post","status-publish","format-standard","has-post-thumbnail","hentry","category-emploi","generate-columns","tablet-grid-50","mobile-grid-100","grid-parent","grid-33","no-featured-image-padding"],"_links":{"self":[{"href":"https:\/\/econostrum.info\/suisse\/wp-json\/wp\/v2\/posts\/100022","targetHints":{"allow":["GET"]}}],"collection":[{"href":"https:\/\/econostrum.info\/suisse\/wp-json\/wp\/v2\/posts"}],"about":[{"href":"https:\/\/econostrum.info\/suisse\/wp-json\/wp\/v2\/types\/post"}],"author":[{"embeddable":true,"href":"https:\/\/econostrum.info\/suisse\/wp-json\/wp\/v2\/users\/37"}],"replies":[{"embeddable":true,"href":"https:\/\/econostrum.info\/suisse\/wp-json\/wp\/v2\/comments?post=100022"}],"version-history":[{"count":0,"href":"https:\/\/econostrum.info\/suisse\/wp-json\/wp\/v2\/posts\/100022\/revisions"}],"wp:featuredmedia":[{"embeddable":true,"href":"https:\/\/econostrum.info\/suisse\/wp-json\/wp\/v2\/media\/100026"}],"wp:attachment":[{"href":"https:\/\/econostrum.info\/suisse\/wp-json\/wp\/v2\/media?parent=100022"}],"wp:term":[{"taxonomy":"category","embeddable":true,"href":"https:\/\/econostrum.info\/suisse\/wp-json\/wp\/v2\/categories?post=100022"},{"taxonomy":"post_tag","embeddable":true,"href":"https:\/\/econostrum.info\/suisse\/wp-json\/wp\/v2\/tags?post=100022"}],"curies":[{"name":"wp","href":"https:\/\/api.w.org\/{rel}","templated":true}]}}