{"id":4892,"date":"2024-09-05T11:00:25","date_gmt":"2024-09-05T09:00:25","guid":{"rendered":"https:\/\/econostrum.info\/belgique\/?p=4892"},"modified":"2024-09-05T10:44:22","modified_gmt":"2024-09-05T08:44:22","slug":"vignette-payer-autoroutes-wallonnes","status":"publish","type":"post","link":"https:\/\/econostrum.info\/belgique\/vignette-payer-autoroutes-wallonnes\/","title":{"rendered":"Vignette autorouti\u00e8re :  Qui devra payer pour rouler sur les autoroutes wallonnes ?"},"content":{"rendered":"<p>Ayant pris une place centrale dans la nouvelle D\u00e9claration de Politique R\u00e9gionale (DPR) \u00e9tablie en juillet, l&rsquo;id\u00e9e d&rsquo;une vignette autorouti\u00e8re semble se pr\u00e9ciser davantage. Selon les partis MR et Engag\u00e9s, la r\u00e9forme des autoroutes wallonnes devrait bient\u00f4t entrer en vigueur.<\/p>\n<p>Cependant, cette mesure reste loin d&rsquo;\u00eatre totalement accept\u00e9e par les Belges. Qui devra financer cette vignette ? Les Wallons seront-ils concern\u00e9s ? De nombreuses questions persistent quant au financement de cette r\u00e9forme.<\/p>\n<h2>La vignette autorouti\u00e8re : une mesure qui ne fait pas l&rsquo;unanimit\u00e9<\/h2>\n<p><span style=\"font-weight: 400\">Dans la DPR pr\u00e9sent\u00e9e en juillet par le Mouvement R\u00e9formateur et les Engag\u00e9s, les deux partis souhaitent instaurer, \u00ab dans le respect des r\u00e8gles europ\u00e9ennes, une vignette automobile pour que les usagers belges et \u00e9trangers participent \u00e0 la qualit\u00e9 du r\u00e9seau routier wallon \u00bb.<\/span><\/p>\n<p><span style=\"font-weight: 400\">Touring s&rsquo;est dit oppos\u00e9 et a exprim\u00e9 sa r\u00e9ticence vendredi dernier face \u00e0 cette proposition, alors que celle-ci semble en bonne voie. \u00ab Nous ne sommes, en aucun cas, partisans d\u2019un syst\u00e8me s\u00e9par\u00e9 par r\u00e9gion \u00bb, a r\u00e9agi le porte-parole de l&rsquo;organisation de mobilit\u00e9, Danny Smagghen. Selon lui, \u00ab c\u2019est un peu absurde \u00bb.<\/span><\/p>\n<h2>Qui financera la vignette autorouti\u00e8re wallonne ?<\/h2>\n<p><span style=\"font-weight: 400\">Malgr\u00e9 ces r\u00e9ticences, la<a href=\"https:\/\/econostrum.info\/belgique\/vignette-autoroutiere-wallonie\/\" target=\"_blank\" rel=\"noopener\"> vignette autorouti\u00e8re<\/a> devrait bel et bien \u00eatre appliqu\u00e9e en R\u00e9gion wallonne. Cependant, des questions subsistent, notamment sur les <a href=\"https:\/\/econostrum.info\/belgique\/wallons-taxes-compenser-700-millions\/\" target=\"_blank\" rel=\"noopener\">sources de financement<\/a>, d&rsquo;autant plus que la DPR n\u2019\u00e9voque aucune nouvelle taxe.<\/span><\/p>\n<p>Cette vignette inqui\u00e8te \u00e9galement les Wallons, principaux concern\u00e9s. Devront-ils <strong>payer plus pour circuler<\/strong> sur leur propre territoire ? Le MR et les Engag\u00e9s ont d\u00e9j\u00e0 pr\u00e9cis\u00e9 qu&rsquo;il n&rsquo;y aurait <strong>aucun co\u00fbt suppl\u00e9mentaire pour les Wallons<\/strong>, donc la r\u00e9ponse est non.<\/p>\n<p>Pour clarifier, RTL Info a expliqu\u00e9 lundi que seuls les <strong>conducteurs \u00e9trangers devront payer<\/strong> pour rouler sur les autoroutes wallonnes. Pour les Wallons, le co\u00fbt sera d\u00e9duit de la taxe de circulation annuelle.<\/p>\n<p>Mais qu\u2019en est-il pour Bruxelles et la Flandre ? Georges-Louis Bouchez avait d\u00e9j\u00e0 \u00e9voqu\u00e9 un \u00ab accord de coop\u00e9ration pour que les Bruxellois ne soient pas impact\u00e9s \u00bb. Quant aux Flamands, l\u2019id\u00e9al serait qu\u2019ils ne paient pas non plus, bien que cela soit moins certain. \u00ab On ne peut pas toujours danser dans le sud du pays comme on siffle dans le nord \u00bb, a averti Maxime Pr\u00e9vot.<\/p>\n","protected":false},"excerpt":{"rendered":"<p>Ayant pris une place centrale dans la nouvelle D\u00e9claration de Politique R\u00e9gionale (DPR) \u00e9tablie en juillet, l&rsquo;id\u00e9e d&rsquo;une vignette autorouti\u00e8re semble se pr\u00e9ciser davantage. Selon les partis MR et Engag\u00e9s, &#8230; <a title=\"Vignette autorouti\u00e8re :  Qui devra payer pour rouler sur les autoroutes wallonnes ?\" class=\"read-more\" href=\"https:\/\/econostrum.info\/belgique\/vignette-payer-autoroutes-wallonnes\/\" aria-label=\"Read more about Vignette autorouti\u00e8re :  Qui devra payer pour rouler sur les autoroutes wallonnes ?\"> <\/a><\/p>\n","protected":false},"author":35,"featured_media":4950,"comment_status":"open","ping_status":"closed","sticky":false,"template":"","format":"standard","meta":{"footnotes":""},"categories":[17],"tags":[],"class_list":["post-4892","post","type-post","status-publish","format-standard","has-post-thumbnail","hentry","category-fiscalite","generate-columns","tablet-grid-50","mobile-grid-100","grid-parent","grid-33","no-featured-image-padding"],"_links":{"self":[{"href":"https:\/\/econostrum.info\/belgique\/wp-json\/wp\/v2\/posts\/4892","targetHints":{"allow":["GET"]}}],"collection":[{"href":"https:\/\/econostrum.info\/belgique\/wp-json\/wp\/v2\/posts"}],"about":[{"href":"https:\/\/econostrum.info\/belgique\/wp-json\/wp\/v2\/types\/post"}],"author":[{"embeddable":true,"href":"https:\/\/econostrum.info\/belgique\/wp-json\/wp\/v2\/users\/35"}],"replies":[{"embeddable":true,"href":"https:\/\/econostrum.info\/belgique\/wp-json\/wp\/v2\/comments?post=4892"}],"version-history":[{"count":0,"href":"https:\/\/econostrum.info\/belgique\/wp-json\/wp\/v2\/posts\/4892\/revisions"}],"wp:featuredmedia":[{"embeddable":true,"href":"https:\/\/econostrum.info\/belgique\/wp-json\/wp\/v2\/media\/4950"}],"wp:attachment":[{"href":"https:\/\/econostrum.info\/belgique\/wp-json\/wp\/v2\/media?parent=4892"}],"wp:term":[{"taxonomy":"category","embeddable":true,"href":"https:\/\/econostrum.info\/belgique\/wp-json\/wp\/v2\/categories?post=4892"},{"taxonomy":"post_tag","embeddable":true,"href":"https:\/\/econostrum.info\/belgique\/wp-json\/wp\/v2\/tags?post=4892"}],"curies":[{"name":"wp","href":"https:\/\/api.w.org\/{rel}","templated":true}]}}