{"id":113195,"date":"2026-09-04T14:04:00","date_gmt":"2026-09-04T12:04:00","guid":{"rendered":"https:\/\/econostrum.info\/belgique\/?p=113195"},"modified":"2026-09-04T13:12:25","modified_gmt":"2026-09-04T11:12:25","slug":"retraite-travailler-apres-66-ans","status":"publish","type":"post","link":"https:\/\/econostrum.info\/belgique\/retraite-travailler-apres-66-ans\/","title":{"rendered":"Retraite : pourquoi de plus en plus de Belges continuent \u00e0 travailler apr\u00e8s 66 ans"},"content":{"rendered":"\n<p><strong>Le nombre de travailleurs en \u00e2ge de partir \u00e0 la retraite (\u00e2g\u00e9s de 66 ans et plus) est en nette hausse en Belgique. Cette progression n&rsquo;est pas anodine, elle co\u00efncide en effet avec l\u2019entr\u00e9e en vigueur du nouveau bonus pension, appliqu\u00e9 r\u00e9troactivement depuis le 1er janvier 2026.<\/strong><\/p>\n\n\n\n<p>Au premier semestre 2026, les travailleurs de 66 ans et plus repr\u00e9sentaient 2,03 % des effectifs, indique une \u00e9tude de Acerta et rapporte <a href=\"https:\/\/www.lesoir.be\/768900\/article\/2026-09-04\/bonus-pension-davantage-de-personnes-travaillent-au-dela-de-lage-legal\" target=\"_blank\" rel=\"noopener\">le Soir<\/a>. En 2025, leur part s\u2019\u00e9tablissait \u00e0 1,6 %. \u00ab<em> Le nombre de personnes \u00e2g\u00e9es de 66 ans et plus actives a augment\u00e9 de 24,4 % en un an<\/em> \u00bb, rel\u00e8ve Acerta. Selon l\u2019\u00e9tude, cette progression est pr\u00e8s de quatre fois sup\u00e9rieure \u00e0 celle enregistr\u00e9e au cours de la m\u00eame p\u00e9riode un an auparavant.<\/p>\n\n\n\n<p>Ces chiffres montrent aussi que les travailleurs restent plus longtemps pr\u00e9sents sur le march\u00e9 de l\u2019emploi. Le nouveau bonus pension semble accompagner cette tendance, m\u00eame si l\u2019\u00e9tude d\u2019Acerta ne permet pas, \u00e0 elle seule, d\u2019attribuer toute la progression au dispositif.<\/p>\n\n\n\n<h2 class=\"wp-block-heading\">Le march\u00e9 du travail belge vieillit de plus en plus<\/h2>\n\n\n\n<p>L\u2019\u00e2ge moyen des travailleurs \u00e9tudi\u00e9s par Acerta est pass\u00e9 de 42,4 ans en 2018 \u00e0 44,1 ans en 2026. La part des personnes \u00e2g\u00e9es de 60 ans et plus atteint d\u00e9sormais 12 % des travailleurs. Le vieillissement des actifs se poursuit donc dans les entreprises belges, avec une pr\u00e9sence plus importante des salari\u00e9s proches ou ayant d\u00e9pass\u00e9 l\u2019\u00e2ge l\u00e9gal de la retraite.<\/p>\n\n\n\n<p>Le <a href=\"https:\/\/econostrum.info\/belgique\/bonus-pension-qui-en-profite\/\" target=\"_blank\" rel=\"noopener\">nouveau bonus pension<\/a> constitue l\u2019un des \u00e9l\u00e9ments qui peuvent inciter certains travailleurs \u00e0 prolonger leur carri\u00e8re. Pour rappel, ce dispositif \u00e0 pour but de r\u00e9compenser les personnes qui continuent \u00e0 travailler alors qu&rsquo;elles ont atteint l&rsquo;\u00e2ge l\u00e9gal pour partir \u00e0 la retraite. Sans aucune doute, son entr\u00e9e en vigueur avec effet r\u00e9troactif au 1er janvier 2026 a toute son importance dans la hausse du nombre de travailleurs seniors.<\/p>\n\n\n\n<figure class=\"wp-block-embed is-type-rich is-provider-x wp-block-embed-x\"><div class=\"wp-block-embed__wrapper\">\n<blockquote class=\"twitter-tweet\" data-width=\"550\" data-dnt=\"true\"><p lang=\"fr\" dir=\"ltr\">Les travailleurs de 66 ans et plus en augmentation constante : le bonus de pension a-t-il d\u00e9j\u00e0 chang\u00e9 la donne ? <a href=\"https:\/\/t.co\/ilUTfoqqiG\">https:\/\/t.co\/ilUTfoqqiG<\/a><\/p>&mdash; Trends-Tendances (@trendsbelgique) <a href=\"https:\/\/x.com\/trendsbelgique\/status\/2095798789097275521?ref_src=twsrc%5Etfw\">September 4, 2026<\/a><\/blockquote><script async src=\"https:\/\/platform.x.com\/widgets.js\" charset=\"utf-8\"><\/script>\n<\/div><\/figure>\n\n\n\n<h2 class=\"wp-block-heading\">Pr\u00e8s de 400 000 travailleurs r\u00e9unis pour cette enqu\u00eate<\/h2>\n\n\n\n<p>Pour r\u00e9aliser son enqu\u00eate, Acerta a \u00e9tudi\u00e9 les donn\u00e9es de plus de 390.000 travailleurs employ\u00e9s par 31.000 entreprises du secteur priv\u00e9 en Belgique. Dans le d\u00e9tails, l\u2019\u00e9chantillon comprend aussi bien des PME que de grandes entreprises, ce qui donne une vision bien plus large et r\u00e9aliste de l\u2019\u00e9volution de l\u2019\u00e2ge des travailleurs belges dans le secteur priv\u00e9.<\/p>\n\n\n\n<p>La hausse enregistr\u00e9e chez les 66 ans et plus reste donc minoritaire en proportion de la masse globale des travailleurs en Belgique, avec 2,03 % de ces actifs au premier semestre 2026. Elle repr\u00e9sente n\u00e9anmoins une progression nette par rapport aux 1,6 % observ\u00e9s un an auparavant. &nbsp;<\/p>\n","protected":false},"excerpt":{"rendered":"<p>Le nombre de Belges qui travaillent apr\u00e8s l\u2019\u00e2ge l\u00e9gal de la retraite augmente nettement. Une tendance qui se confirme en 2026.<\/p>\n","protected":false},"author":27,"featured_media":101665,"comment_status":"open","ping_status":"closed","sticky":false,"template":"","format":"standard","meta":{"footnotes":""},"categories":[18],"tags":[189],"class_list":["post-113195","post","type-post","status-publish","format-standard","has-post-thumbnail","hentry","category-retraite","tag-bonus-pension","generate-columns","tablet-grid-50","mobile-grid-100","grid-parent","grid-33","no-featured-image-padding"],"_links":{"self":[{"href":"https:\/\/econostrum.info\/belgique\/wp-json\/wp\/v2\/posts\/113195","targetHints":{"allow":["GET"]}}],"collection":[{"href":"https:\/\/econostrum.info\/belgique\/wp-json\/wp\/v2\/posts"}],"about":[{"href":"https:\/\/econostrum.info\/belgique\/wp-json\/wp\/v2\/types\/post"}],"author":[{"embeddable":true,"href":"https:\/\/econostrum.info\/belgique\/wp-json\/wp\/v2\/users\/27"}],"replies":[{"embeddable":true,"href":"https:\/\/econostrum.info\/belgique\/wp-json\/wp\/v2\/comments?post=113195"}],"version-history":[{"count":1,"href":"https:\/\/econostrum.info\/belgique\/wp-json\/wp\/v2\/posts\/113195\/revisions"}],"predecessor-version":[{"id":113197,"href":"https:\/\/econostrum.info\/belgique\/wp-json\/wp\/v2\/posts\/113195\/revisions\/113197"}],"wp:featuredmedia":[{"embeddable":true,"href":"https:\/\/econostrum.info\/belgique\/wp-json\/wp\/v2\/media\/101665"}],"wp:attachment":[{"href":"https:\/\/econostrum.info\/belgique\/wp-json\/wp\/v2\/media?parent=113195"}],"wp:term":[{"taxonomy":"category","embeddable":true,"href":"https:\/\/econostrum.info\/belgique\/wp-json\/wp\/v2\/categories?post=113195"},{"taxonomy":"post_tag","embeddable":true,"href":"https:\/\/econostrum.info\/belgique\/wp-json\/wp\/v2\/tags?post=113195"}],"curies":[{"name":"wp","href":"https:\/\/api.w.org\/{rel}","templated":true}]}}