{"id":113189,"date":"2026-09-04T10:01:00","date_gmt":"2026-09-04T08:01:00","guid":{"rendered":"https:\/\/econostrum.info\/belgique\/?p=113189"},"modified":"2026-09-04T09:26:31","modified_gmt":"2026-09-04T07:26:31","slug":"letec-mauvaise-nouvelle-pour-les-usagers","status":"publish","type":"post","link":"https:\/\/econostrum.info\/belgique\/letec-mauvaise-nouvelle-pour-les-usagers\/","title":{"rendered":"Letec : mauvaise nouvelle pour les usagers, les tickets vont augmenter"},"content":{"rendered":"\n<p><strong>Les usagers des transports en commun wallons devront bient\u00f4t faire face \u00e0 une hausse des tarifs. L\u2019administrateur g\u00e9n\u00e9ral de Letec, Jean-Michel Soors, a confirm\u00e9 cette \u00e9volution alors que le gouvernement wallon souhaite \u00e9tendre le r\u00e9seau.<\/strong><\/p>\n\n\n\n<p>Invit\u00e9 au micro de Martin Buxant sur bel <a href=\"https:\/\/www.rtl.be\/actu\/belgique\/societe\/est-vraiment-contre-la-gratuite-le-prix-des-tickets-de-bus-va-augmenter-affirme\/2026-09-04\/article\/799212\" target=\"_blank\" rel=\"noopener\">RTL<\/a>, Jean-Michel Soors a annonc\u00e9 une augmentation du prix des tickets. La d\u00e9cision s\u2019inscrit dans un projet plus large visant \u00e0 renforcer la couverture des transports publics en Wallonie. Le montant de cette hausse et sa date d\u2019entr\u00e9e en vigueur n\u2019ont pas encore \u00e9t\u00e9 communiqu\u00e9s. Les usagers devront donc attendre les prochaines annonces pour conna\u00eetre les nouveaux tarifs qui seront appliqu\u00e9s.<\/p>\n\n\n\n<p>Cette \u00e9volution intervient alors que le gouvernement wallon souhaite que davantage de personnes puissent utiliser les transports publics dans les zones actuellement moins bien desservies.<\/p>\n\n\n\n<figure class=\"wp-block-embed is-type-rich is-provider-x wp-block-embed-x\"><div class=\"wp-block-embed__wrapper\">\n<blockquote class=\"twitter-tweet\" data-width=\"550\" data-dnt=\"true\"><p lang=\"fr\" dir=\"ltr\">\u00ab On est vraiment contre la gratuit\u00e9 \u00bb : le prix des tickets de bus va augmenter, affirme le patron de LETEC <a href=\"https:\/\/t.co\/ksHLcUClWr\">https:\/\/t.co\/ksHLcUClWr<\/a><\/p>&mdash; RTL info (@rtlinfo) <a href=\"https:\/\/x.com\/rtlinfo\/status\/2095751971957354657?ref_src=twsrc%5Etfw\">September 4, 2026<\/a><\/blockquote><script async src=\"https:\/\/platform.x.com\/widgets.js\" charset=\"utf-8\"><\/script>\n<\/div><\/figure>\n\n\n\n<h2 class=\"wp-block-heading\">Letec veut renforcer la couverture du r\u00e9seau<\/h2>\n\n\n\n<p>L\u2019extension de la couverture du r\u00e9seau constitue l\u2019un des axes du projet port\u00e9 par le gouvernement wallon. Pour <a href=\"https:\/\/econostrum.info\/belgique\/letec-remet-en-service-ses-lignes-evasion\/\" target=\"_blank\" rel=\"noopener\">Letec<\/a>, d\u00e9velopper davantage les lignes et la desserte de certains territoires n\u00e9cessite des moyens suppl\u00e9mentaires. Cette politique pourrait donc se traduire par une augmentation du prix pay\u00e9 par les voyageurs. Les modalit\u00e9s pr\u00e9cises restent encore \u00e0 d\u00e9finir, notamment pour les diff\u00e9rents types de tickets et les abonnements.<\/p>\n\n\n\n<p>Jean-Michel Soors s\u2019est \u00e9galement exprim\u00e9 sur la question de la gratuit\u00e9 des transports publics. Une mesure r\u00e9guli\u00e8rement \u00e9voqu\u00e9e pour inciter les automobilistes \u00e0 laisser leur voiture au garage, mais que le patron de Letec ne soutient pas. \u00ab <em>On est vraiment contre la gratuit\u00e9<\/em> \u00bb, a-t-il affirm\u00e9 au micro de bel RTL. Selon lui, rendre les transports gratuits ne suffirait pas \u00e0 provoquer le changement de comportement recherch\u00e9 chez les automobilistes.<\/p>\n\n\n\n<p>Il consid\u00e8re qu\u2019une autre approche est n\u00e9cessaire pour convaincre davantage de Wallons d\u2019utiliser le r\u00e9seau. \u00ab <em>C\u2019est un mauvais transfert modal. Ce n\u2019est pas celui-l\u00e0 qu\u2019on veut<\/em> \u00bb, a-t-il ajout\u00e9.<\/p>\n\n\n\n<h2 class=\"wp-block-heading\">Les usagers attendent encore les nouveaux tarifs<\/h2>\n\n\n\n<p>Pour les voyageurs, la principale inconnue reste d\u00e9sormais le montant de la hausse. Aucun chiffre pr\u00e9cis n\u2019a encore \u00e9t\u00e9 annonc\u00e9 concernant les tickets ou les abonnements. Le co\u00fbt des d\u00e9placements repr\u00e9sente une d\u00e9pense r\u00e9guli\u00e8re pour les personnes qui prennent les transports en commun chaque jour pour aller travailler, \u00e9tudier ou effectuer leurs d\u00e9marches.<\/p>\n\n\n\n<p>L\u2019augmentation devra donc \u00eatre mise en regard du d\u00e9veloppement annonc\u00e9 du r\u00e9seau. L\u2019objectif affich\u00e9 consiste \u00e0 mieux desservir le territoire wallon et \u00e0 rendre les transports publics plus attractifs pour les personnes qui utilisent actuellement leur voiture. Le gouvernement et Letec doivent encore pr\u00e9ciser les contours de cette \u00e9volution. Les usagers devront notamment savoir quand les nouveaux prix entreront en vigueur et quels titres de transport seront concern\u00e9s.<\/p>\n","protected":false},"excerpt":{"rendered":"<p>Les tarifs des transports publics wallons vont \u00e9voluer. Une hausse du prix des tickets se profile alors que Letec pr\u00e9pare l\u2019extension de son r\u00e9seau.<\/p>\n","protected":false},"author":27,"featured_media":109689,"comment_status":"open","ping_status":"closed","sticky":false,"template":"","format":"standard","meta":{"footnotes":""},"categories":[30],"tags":[159],"class_list":["post-113189","post","type-post","status-publish","format-standard","has-post-thumbnail","hentry","category-mobilite","tag-wallonie","generate-columns","tablet-grid-50","mobile-grid-100","grid-parent","grid-33","no-featured-image-padding"],"_links":{"self":[{"href":"https:\/\/econostrum.info\/belgique\/wp-json\/wp\/v2\/posts\/113189","targetHints":{"allow":["GET"]}}],"collection":[{"href":"https:\/\/econostrum.info\/belgique\/wp-json\/wp\/v2\/posts"}],"about":[{"href":"https:\/\/econostrum.info\/belgique\/wp-json\/wp\/v2\/types\/post"}],"author":[{"embeddable":true,"href":"https:\/\/econostrum.info\/belgique\/wp-json\/wp\/v2\/users\/27"}],"replies":[{"embeddable":true,"href":"https:\/\/econostrum.info\/belgique\/wp-json\/wp\/v2\/comments?post=113189"}],"version-history":[{"count":1,"href":"https:\/\/econostrum.info\/belgique\/wp-json\/wp\/v2\/posts\/113189\/revisions"}],"predecessor-version":[{"id":113191,"href":"https:\/\/econostrum.info\/belgique\/wp-json\/wp\/v2\/posts\/113189\/revisions\/113191"}],"wp:featuredmedia":[{"embeddable":true,"href":"https:\/\/econostrum.info\/belgique\/wp-json\/wp\/v2\/media\/109689"}],"wp:attachment":[{"href":"https:\/\/econostrum.info\/belgique\/wp-json\/wp\/v2\/media?parent=113189"}],"wp:term":[{"taxonomy":"category","embeddable":true,"href":"https:\/\/econostrum.info\/belgique\/wp-json\/wp\/v2\/categories?post=113189"},{"taxonomy":"post_tag","embeddable":true,"href":"https:\/\/econostrum.info\/belgique\/wp-json\/wp\/v2\/tags?post=113189"}],"curies":[{"name":"wp","href":"https:\/\/api.w.org\/{rel}","templated":true}]}}