{"id":113173,"date":"2026-09-02T14:00:00","date_gmt":"2026-09-02T12:00:00","guid":{"rendered":"https:\/\/econostrum.info\/belgique\/?p=113173"},"modified":"2026-09-02T13:14:19","modified_gmt":"2026-09-02T11:14:19","slug":"de-wever-annonce-des-mesures-difficiles","status":"publish","type":"post","link":"https:\/\/econostrum.info\/belgique\/de-wever-annonce-des-mesures-difficiles\/","title":{"rendered":"\u00ab Tout le monde va sentir les cons\u00e9quences \u00bb : Bart De Wever annonce des mesures difficiles pour les Belges"},"content":{"rendered":"\n<p><strong>Les prochains mois s\u2019annoncent difficiles pour les Belges. Face \u00e0 une situation budg\u00e9taire plus qu&rsquo;alarmante, le gouvernement f\u00e9d\u00e9ral pr\u00e9pare plusieurs mesures qui pourraient impacter les finances d&rsquo;une grande partie de la population. Bart De Wever pr\u00e9vient d\u00e9j\u00e0 que personne ne sera totalement \u00e9pargn\u00e9.<\/strong><\/p>\n\n\n\n<p>Le gouvernement f\u00e9d\u00e9ral belge doit encore d\u00e9finir les contours d\u2019un nouveau plan d\u2019\u00e9conomies qui a pour objectif de r\u00e9duire la pression sur les finances publiques. L\u2019objectif fix\u00e9 atteint environ 10 milliards d\u2019euros d\u2019ici 2029.&nbsp;Dans une interview accord\u00e9e \u00e0 <a href=\"https:\/\/www.rtl.be\/actu\/belgique\/politique\/nous-sommes-au-bout-dun-cycle-bart-de-wever-veut-changer-le-fonctionnement-du\/2026-09-01\/article\/798968\" target=\"_blank\" rel=\"noopener\">Bel RTL<\/a>, le Premier ministre Bart De Wever a reconnu que les d\u00e9cisions \u00e0 venir repr\u00e9sentaient un moment difficile sur le plan politique et humain.<\/p>\n\n\n\n<p>\u00ab<em> Je ne dors pas bien et je pense beaucoup \u00e0 \u00e7a<\/em> \u00bb, a-t-il confi\u00e9. Selon lui, le principal probl\u00e8me r\u00e9side dans la difficult\u00e9 \u00e0 r\u00e9partir les efforts. \u00ab <em>Tout le monde pense: si on fait des \u00e9conomies, ce sera chez mon voisin, pas chez moi.<\/em> \u00bb Le chef du gouvernement a \u00e9galement \u00e9voqu\u00e9 la question des recettes suppl\u00e9mentaires.<\/p>\n\n\n\n<h2 class=\"wp-block-heading\">De Wever se veut r\u00e9aliste<\/h2>\n\n\n\n<p>Il estime que les discussions sur une \u00e9ventuelle hausse des contributions visent g\u00e9n\u00e9ralement les m\u00e9nages les plus ais\u00e9s, mais que chacun a tendance \u00e0 consid\u00e9rer qu\u2019une autre personne doit davantage contribuer. \u00ab <em>Si on cherche des recettes, ce seront des recettes sur les gens qui sont riches. Et quelqu&rsquo;un qui est riche, c&rsquo;est toujours quelqu&rsquo;un qui est plus riche que toi. Tu n&rsquo;es jamais riche, c&rsquo;est quelqu&rsquo;un d&rsquo;autre plus riche que toi qui devra payer les comptes.<\/em> \u00bb<\/p>\n\n\n\n<p>Pour De Wever, prendre des mesures qui ne touchent qu&rsquo;une petite partie de la population s&rsquo;annonce compliqu\u00e9. Le Premier ministre consid\u00e8re que l\u2019ensemble de la soci\u00e9t\u00e9 belge ressentira les cons\u00e9quences des prochaines manoeuvres du gouvernement. \u00ab <em>La r\u00e9alit\u00e9, c&rsquo;est que nous sommes dans une situation o\u00f9 tout le monde va sentir les cons\u00e9quences de ce que nous faisons, peu importe comment nous le faisons.<\/em> \u00bb<\/p>\n\n\n\n<p>Les arbitrages du gouvernement devront encore pr\u00e9ciser les secteurs concern\u00e9s. Les discussions devraient porter sur la r\u00e9duction des d\u00e9penses publiques, mais aussi sur les moyens d\u2019augmenter les recettes afin de respecter les objectifs budg\u00e9taires.<\/p>\n\n\n\n<figure class=\"wp-block-embed is-type-rich is-provider-x wp-block-embed-x\"><div class=\"wp-block-embed__wrapper\">\n<blockquote class=\"twitter-tweet\" data-width=\"550\" data-dnt=\"true\"><p lang=\"fr\" dir=\"ltr\">Bart De Wever sur les \u00e9conomies budg\u00e9taires: &quot;Tout le monde va sentir les cons\u00e9quences&quot; <a href=\"https:\/\/t.co\/PA4WaKh9AH\">https:\/\/t.co\/PA4WaKh9AH<\/a> <a href=\"https:\/\/t.co\/AnUGoUsFfK\">pic.twitter.com\/AnUGoUsFfK<\/a><\/p>&mdash; L&#39;Echo (@lecho) <a href=\"https:\/\/x.com\/lecho\/status\/2094370477070274890?ref_src=twsrc%5Etfw\">August 31, 2026<\/a><\/blockquote><script async src=\"https:\/\/platform.x.com\/widgets.js\" charset=\"utf-8\"><\/script>\n<\/div><\/figure>\n\n\n\n<h2 class=\"wp-block-heading\">La Belgique face aux difficult\u00e9s \u00e9conomiques europ\u00e9ennes<\/h2>\n\n\n\n<p>Bart De Wever estime que les citoyens sont conscients de l&rsquo;\u00e9tat actuelle des choses. Selon lui, la situation de la Belgique s\u2019inscrit dans un contexte europ\u00e9en marqu\u00e9 par des changements \u00e9conomiques rapides. \u00ab<em> Toute l&rsquo;Europe est en difficult\u00e9, le monde change tr\u00e8s vite et l&rsquo;Europe est devenue un continent vieux. Les Chinois et les Am\u00e9ricains nous d\u00e9passent, nous ne sommes plus au sommet en innovation, en productivit\u00e9, et donc nous recevons des coups de partout<\/em> \u00bb, a-t-il d\u00e9clar\u00e9.<\/p>\n\n\n\n<p>Lors de sa prise de parole, le Premier ministre belge a aussi insist\u00e9 sur le sujet de<a href=\"https:\/\/econostrum.info\/belgique\/belgique-ue-emprunts-communs-defense\/\" target=\"_blank\" rel=\"noopener\"> la d\u00e9fense<\/a>. Celui-ci estime que les pays europ\u00e9ens doivent renforcer leurs capacit\u00e9s dans un contexte international de moins en moins s\u00fbr. \u00ab <em>Nous sommes incapables d\u2019organiser notre propre d\u00e9fense, et nous subissons des humiliations constantes.<\/em> \u00bb Pour Bart De Wever, ces \u00e9volutions \u00e9conomiques et g\u00e9opolitiques expliquent pourquoi la Belgique doit revoir ses priorit\u00e9s budg\u00e9taires.<\/p>\n\n\n\n<p>\u00ab<em> Donc les gens savent tr\u00e8s bien qu&rsquo;il faut se mettre en marche et que, certainement en Belgique, nous sommes en grave difficult\u00e9<\/em> \u00bb, a-t-il conclu. Les prochaines semaines seront donc consacr\u00e9es aux n\u00e9gociations au sein du gouvernement f\u00e9d\u00e9ral. Les d\u00e9cisions finales d\u00e9termineront la r\u00e9partition des \u00e9conomies demand\u00e9es et les secteurs qui seront impact\u00e9s par les mesures prises par le gouvernement.<\/p>\n","protected":false},"excerpt":{"rendered":"<p>Bart De Wever alerte sur une p\u00e9riode difficile pour la Belgique, alors que le gouvernement pr\u00e9pare de nouveaux choix budg\u00e9taires.<\/p>\n","protected":false},"author":27,"featured_media":112655,"comment_status":"open","ping_status":"closed","sticky":false,"template":"","format":"standard","meta":{"footnotes":""},"categories":[1],"tags":[113],"class_list":["post-113173","post","type-post","status-publish","format-standard","has-post-thumbnail","hentry","category-economie","tag-budget","generate-columns","tablet-grid-50","mobile-grid-100","grid-parent","grid-33","no-featured-image-padding"],"_links":{"self":[{"href":"https:\/\/econostrum.info\/belgique\/wp-json\/wp\/v2\/posts\/113173","targetHints":{"allow":["GET"]}}],"collection":[{"href":"https:\/\/econostrum.info\/belgique\/wp-json\/wp\/v2\/posts"}],"about":[{"href":"https:\/\/econostrum.info\/belgique\/wp-json\/wp\/v2\/types\/post"}],"author":[{"embeddable":true,"href":"https:\/\/econostrum.info\/belgique\/wp-json\/wp\/v2\/users\/27"}],"replies":[{"embeddable":true,"href":"https:\/\/econostrum.info\/belgique\/wp-json\/wp\/v2\/comments?post=113173"}],"version-history":[{"count":1,"href":"https:\/\/econostrum.info\/belgique\/wp-json\/wp\/v2\/posts\/113173\/revisions"}],"predecessor-version":[{"id":113175,"href":"https:\/\/econostrum.info\/belgique\/wp-json\/wp\/v2\/posts\/113173\/revisions\/113175"}],"wp:featuredmedia":[{"embeddable":true,"href":"https:\/\/econostrum.info\/belgique\/wp-json\/wp\/v2\/media\/112655"}],"wp:attachment":[{"href":"https:\/\/econostrum.info\/belgique\/wp-json\/wp\/v2\/media?parent=113173"}],"wp:term":[{"taxonomy":"category","embeddable":true,"href":"https:\/\/econostrum.info\/belgique\/wp-json\/wp\/v2\/categories?post=113173"},{"taxonomy":"post_tag","embeddable":true,"href":"https:\/\/econostrum.info\/belgique\/wp-json\/wp\/v2\/tags?post=113173"}],"curies":[{"name":"wp","href":"https:\/\/api.w.org\/{rel}","templated":true}]}}