{"id":113166,"date":"2026-09-02T10:01:00","date_gmt":"2026-09-02T08:01:00","guid":{"rendered":"https:\/\/econostrum.info\/belgique\/?p=113166"},"modified":"2026-09-02T09:33:25","modified_gmt":"2026-09-02T07:33:25","slug":"energie-contrats-fixes-a-la-hausse","status":"publish","type":"post","link":"https:\/\/econostrum.info\/belgique\/energie-contrats-fixes-a-la-hausse\/","title":{"rendered":"\u00c9nergie : les contrats fixes repartent \u00e0 la hausse en Belgique, un fournisseur \u00e9chappe \u00e0 la tendance"},"content":{"rendered":"\n<p><strong>Les m\u00e9nages belges qui mettent \u00e0 jour leurs contrats d\u2019\u00e9nergie d\u00e9couvrent des tarifs moins favorables qu\u2019il y a quelques semaines en ce d\u00e9but du mois de septembre. Dans un contexte marqu\u00e9 par une forte remont\u00e9e des prix du gaz sur les march\u00e9s de gros, la grande majorit\u00e9 des fournisseurs ont revu leurs offres \u00e0 la hausse. D&rsquo;ailleurs, le prix du MWh d\u00e9passe d\u00e9sormais un niveau qui n\u2019avait plus \u00e9t\u00e9 atteint depuis 2022.<\/strong><\/p>\n\n\n\n<p>Depuis mardi 1er septembre, les nouveaux tarifs d&rsquo;\u00e9nergie en Belgique confirment les craintes annonc\u00e9es ces derni\u00e8res semaines. En effet, les contrats fixes de gaz augmentent chez la plupart des fournisseurs, alors que les prix de gros continuent de progresser. Cependant, une exception se distingue chez Luminus, ce dernier propose d\u00e9sormais l\u2019offre fixe de gaz la plus int\u00e9ressante du march\u00e9 belge, m\u00eame si son prix reste sup\u00e9rieur aux meilleures offres propos\u00e9es en ao\u00fbt.<\/p>\n\n\n\n<p>Cette hausse intervient alors que les fournisseurs r\u00e9percutent progressivement les tensions constat\u00e9es sur les march\u00e9s internationaux. Les contrats fixes int\u00e8grent g\u00e9n\u00e9ralement les anticipations des acteurs du secteur, ce qui explique pourquoi les \u00e9volutions des prix de gros peuvent se retrouver rapidement dans les nouvelles offres destin\u00e9es aux particuliers.<\/p>\n\n\n\n<h2 class=\"wp-block-heading\">Le gaz europ\u00e9en franchit un nouveau seuil&nbsp;<\/h2>\n\n\n\n<p>Le march\u00e9 du gaz conna\u00eet une nouvelle p\u00e9riode de forte tension. Comme le rapporte <a href=\"https:\/\/www.rtbf.be\/article\/nouveaux-tarifs-au-1er-septembre-les-contrats-fixes-tous-en-hausse-sauf-chez-un-fournisseur-nouveau-record-du-prix-du-gaz-sur-les-marches-11778366\" target=\"_blank\" rel=\"noopener\">la RTBF<\/a>, mardi, le prix du MWh a d\u00e9pass\u00e9 le seuil des 70 euros sur le march\u00e9 n\u00e9erlandais TTF (qui sert de r\u00e9f\u00e9rence pour les \u00e9changes de gaz en Europe). Il s\u2019agit d\u2019un niveau in\u00e9dit depuis la crise \u00e9nerg\u00e9tique de 2022. Cette flamb\u00e9e s\u2019explique en particulier par la reprise des tensions au Moyen-Orient, avec de nouveaux affrontements entre l\u2019Iran et les \u00c9tats-Unis.<\/p>\n\n\n\n<p>La situation nourrit ainsi les inqui\u00e9tudes concernant l\u2019approvisionnement en \u00e9nergie en provenance des pays du Golfe, cette r\u00e9gion reste tr\u00e8s influente pour les march\u00e9s mondiaux du p\u00e9trole et du gaz. Ce n&rsquo;est pas tout, les r\u00e9serves europ\u00e9ennes ajoutent une pression suppl\u00e9mentaire. En effet, les stocks de gaz se trouvent \u00e0 un niveau plus bas qu\u2019esp\u00e9r\u00e9 \u00e0 l\u2019approche de l&rsquo;hiver, ce qui renforce la sensibilit\u00e9 du march\u00e9 aux \u00e9v\u00e9nements g\u00e9opolitiques.<\/p>\n\n\n\n<figure class=\"wp-block-embed is-type-rich is-provider-x wp-block-embed-x\"><div class=\"wp-block-embed__wrapper\">\n<blockquote class=\"twitter-tweet\" data-width=\"550\" data-dnt=\"true\"><p lang=\"fr\" dir=\"ltr\">\u274c Alerte sur le niveau anormalement bas des stocks de gaz europ\u00e9ens \u27a1\ufe0f <a href=\"https:\/\/t.co\/eTyHsCRhX0\">https:\/\/t.co\/eTyHsCRhX0<\/a><br><br>\ud83c\uddea\ud83c\uddfa Les prix du gaz n&#39;en finissent pas de grimper. L&#39;Allemagne, premier consommateur de l&#39;UE, affiche un retard notable par rapport \u00e0 la France ou l&#39;Italie. <a href=\"https:\/\/t.co\/2WqlTeAAFm\">pic.twitter.com\/2WqlTeAAFm<\/a><\/p>&mdash; Les Echos (@LesEchos) <a href=\"https:\/\/x.com\/LesEchos\/status\/2093285178672046457?ref_src=twsrc%5Etfw\">August 28, 2026<\/a><\/blockquote><script async src=\"https:\/\/platform.x.com\/widgets.js\" charset=\"utf-8\"><\/script>\n<\/div><\/figure>\n\n\n\n<p>Pour les m\u00e9nages utilisant le gaz pour se chauffer, cette \u00e9volution peut avoir des cons\u00e9quences importantes. Une hausse de 1 centime par kWh de gaz repr\u00e9sente environ 200 euros suppl\u00e9mentaires par an sur la facture d\u2019un foyer moyen chauff\u00e9 avec cette \u00e9nergie.<\/p>\n\n\n\n<h2 class=\"wp-block-heading\">L\u2019\u00e9lectricit\u00e9 progresse aussi, mais avec un effet moins marqu\u00e9 sur les factures d&rsquo;\u00e9nergie<\/h2>\n\n\n\n<p>Les contrats d\u2019<a href=\"https:\/\/econostrum.info\/belgique\/tarif-social-du-gaz-en-hausse-2\/\" target=\"_blank\" rel=\"noopener\">\u00e9lectricit\u00e9<\/a> connaissent eux aussi une hausse en septembre, mais cette \u00e9volution reste nettement moins forte que pour le gaz. Une augmentation de 1 centime par kWh d\u2019\u00e9lectricit\u00e9 repr\u00e9sente environ 50 euros suppl\u00e9mentaires par an pour un m\u00e9nage moyen. Face \u00e0 ces nouveaux tarifs, la question du choix entre un contrat fixe et un contrat variable revient au premier plan.<\/p>\n\n\n\n<p>Les offres fixes apportent une protection contre une \u00e9ventuelle nouvelle hausse pendant la dur\u00e9e pr\u00e9vue au contrat, mais elles int\u00e8grent d\u00e9j\u00e0 les incertitudes actuelles du march\u00e9. Les contrats variables suivent davantage l\u2019\u00e9volution des prix de gros. Ils peuvent donc devenir plus int\u00e9ressants si les march\u00e9s repartent \u00e0 la baisse, mais ils exposent aussi les consommateurs \u00e0 de nouvelles augmentations.<\/p>\n","protected":false},"excerpt":{"rendered":"<p>Les nouveaux tarifs de l\u2019\u00e9nergie entrent en vigueur en septembre avec des hausses pour les contrats fixes, sur fond de tensions sur le gaz.<\/p>\n","protected":false},"author":27,"featured_media":110681,"comment_status":"open","ping_status":"closed","sticky":false,"template":"","format":"standard","meta":{"footnotes":""},"categories":[24],"tags":[78],"class_list":["post-113166","post","type-post","status-publish","format-standard","has-post-thumbnail","hentry","category-energie","tag-energie","generate-columns","tablet-grid-50","mobile-grid-100","grid-parent","grid-33","no-featured-image-padding"],"_links":{"self":[{"href":"https:\/\/econostrum.info\/belgique\/wp-json\/wp\/v2\/posts\/113166","targetHints":{"allow":["GET"]}}],"collection":[{"href":"https:\/\/econostrum.info\/belgique\/wp-json\/wp\/v2\/posts"}],"about":[{"href":"https:\/\/econostrum.info\/belgique\/wp-json\/wp\/v2\/types\/post"}],"author":[{"embeddable":true,"href":"https:\/\/econostrum.info\/belgique\/wp-json\/wp\/v2\/users\/27"}],"replies":[{"embeddable":true,"href":"https:\/\/econostrum.info\/belgique\/wp-json\/wp\/v2\/comments?post=113166"}],"version-history":[{"count":1,"href":"https:\/\/econostrum.info\/belgique\/wp-json\/wp\/v2\/posts\/113166\/revisions"}],"predecessor-version":[{"id":113168,"href":"https:\/\/econostrum.info\/belgique\/wp-json\/wp\/v2\/posts\/113166\/revisions\/113168"}],"wp:featuredmedia":[{"embeddable":true,"href":"https:\/\/econostrum.info\/belgique\/wp-json\/wp\/v2\/media\/110681"}],"wp:attachment":[{"href":"https:\/\/econostrum.info\/belgique\/wp-json\/wp\/v2\/media?parent=113166"}],"wp:term":[{"taxonomy":"category","embeddable":true,"href":"https:\/\/econostrum.info\/belgique\/wp-json\/wp\/v2\/categories?post=113166"},{"taxonomy":"post_tag","embeddable":true,"href":"https:\/\/econostrum.info\/belgique\/wp-json\/wp\/v2\/tags?post=113166"}],"curies":[{"name":"wp","href":"https:\/\/api.w.org\/{rel}","templated":true}]}}