{"id":113163,"date":"2026-09-01T16:31:00","date_gmt":"2026-09-01T14:31:00","guid":{"rendered":"https:\/\/econostrum.info\/belgique\/?p=113163"},"modified":"2026-09-01T09:23:17","modified_gmt":"2026-09-01T07:23:17","slug":"nouveautes-1er-septembre-belgique","status":"publish","type":"post","link":"https:\/\/econostrum.info\/belgique\/nouveautes-1er-septembre-belgique\/","title":{"rendered":"Salaires, pensions, allocations : les nouveaut\u00e9s qui entrent en vigueur ce 1er septembre en Belgique"},"content":{"rendered":"\n<p><strong>Plusieurs changements entrent en vigueur ce 1er septembre en Belgique dans le domaine de l\u2019emploi et de la protection sociale. Les fonctionnaires, les pensionn\u00e9s et les travailleurs en flexi-job figurent parmi les premiers concern\u00e9s par ces nouvelles dispositions.<\/strong><\/p>\n\n\n\n<p>\u00c0 partir de ce 1er septembre, les salaires des fonctionnaires, leurs pensions et certaines allocations sociales sont revaloris\u00e9s de 2 %. Cette hausse d\u00e9coule du d\u00e9passement de l\u2019indice-pivot intervenu avant l\u2019\u00e9t\u00e9. Le m\u00e9canisme d\u2019indexation automatique vise \u00e0 adapter certaines r\u00e9mun\u00e9rations et prestations \u00e0 l\u2019\u00e9volution du co\u00fbt de la vie. Pour les agents publics, cette revalorisation se traduit donc directement sur les montants vers\u00e9s \u00e0 partir de septembre.<\/p>\n\n\n\n<p>Les personnes pensionn\u00e9es relevant des dispositifs concern\u00e9s voient \u00e9galement leur pension \u00e9voluer dans les m\u00eames proportions. Les allocations sociales li\u00e9es \u00e0 ce m\u00e9canisme suivent la m\u00eame trajectoire.<\/p>\n\n\n\n<h2 class=\"wp-block-heading\">Le flexi salaire augmente dans l\u2019horeca<\/h2>\n\n\n\n<p>Autre changement attendu par une partie des travailleurs : le flexi salaire dans l\u2019horeca est revu \u00e0 la hausse. Il passe d\u00e9sormais \u00e0 12,11 euros de l\u2019heure, hors p\u00e9cule de vacances. \u00c0 ce montant s\u2019ajoute un p\u00e9cule de vacances de 7,67 %. Cette \u00e9volution concerne les personnes qui travaillent sous le r\u00e9gime des flexi-jobs dans l\u2019h\u00f4tellerie, la restauration et les caf\u00e9s.<\/p>\n\n\n\n<p>Ce r\u00e9gime sp\u00e9cifique s\u2019adresse \u00e0 certains travailleurs qui exercent une activit\u00e9 compl\u00e9mentaire sous conditions. Le nouveau montant horaire modifie donc directement la r\u00e9mun\u00e9ration minimale applicable dans le secteur \u00e0 compter de septembre.<\/p>\n\n\n\n<h2 class=\"wp-block-heading\">Le num\u00e9ro Pension devient payant ce 1er septembre<\/h2>\n\n\n\n<p>Tous les changements de ce 1er septembre ne vont pas dans le sens d\u2019une hausse des revenus. Le <a href=\"https:\/\/www.sfpd.fgov.be\/fr\" target=\"_blank\" rel=\"noopener\">Service f\u00e9d\u00e9ral des pensions<\/a> modifie son num\u00e9ro de contact. Le num\u00e9ro gratuit 1765 dispara\u00eet au profit du 02\/225.17.65, un num\u00e9ro standard dont le co\u00fbt d\u00e9pendra du tarif appliqu\u00e9 par l\u2019op\u00e9rateur t\u00e9l\u00e9phonique. Selon les informations communiqu\u00e9es, le maintien de l\u2019ancien num\u00e9ro gratuit repr\u00e9sentait une d\u00e9pense de plus d\u2019un million d\u2019euros.<\/p>\n\n\n\n<p>Le service reste accessible aux m\u00eames horaires, du lundi au vendredi de 8 h 30 \u00e0 12 h. Les citoyens peuvent \u00e9galement consulter mypension.be ou reformedespensions.be, envoyer un courrier ou prendre rendez-vous avec le Service f\u00e9d\u00e9ral des pensions.<\/p>\n\n\n\n<figure class=\"wp-block-embed is-type-rich is-provider-x wp-block-embed-x\"><div class=\"wp-block-embed__wrapper\">\n<blockquote class=\"twitter-tweet\" data-width=\"550\" data-dnt=\"true\"><p lang=\"fr\" dir=\"ltr\">Un million d\u2019euros d\u2019\u00e9conomies par an : le num\u00e9ro de t\u00e9l\u00e9phone pour se renseigner sur sa pension devient payant <a href=\"https:\/\/t.co\/DXTNWXB8h1\">https:\/\/t.co\/DXTNWXB8h1<\/a><\/p>&mdash; RTL info (@rtlinfo) <a href=\"https:\/\/x.com\/rtlinfo\/status\/2094637381391396926?ref_src=twsrc%5Etfw\">September 1, 2026<\/a><\/blockquote><script async src=\"https:\/\/platform.x.com\/widgets.js\" charset=\"utf-8\"><\/script>\n<\/div><\/figure>\n\n\n\n<h2 class=\"wp-block-heading\">D\u2019autres changements concernent aussi les m\u00e9nages belges<\/h2>\n\n\n\n<p>La rentr\u00e9e ne se limite pas aux \u00e9volutions li\u00e9es \u00e0 l\u2019<a href=\"https:\/\/econostrum.info\/belgique\/emploi-belgique-reductions-deffectifs\/\" target=\"_blank\" rel=\"noopener\">emploi<\/a>. Plusieurs autres dispositifs \u00e9voluent \u00e9galement \u00e0 partir de septembre. Les allocations familiales sont notamment revaloris\u00e9es \u00e0 Bruxelles et en Wallonie. La Belgique adopte aussi un nouveau Code p\u00e9nal, qui modifie notamment la distinction entre contraventions, d\u00e9lits et crimes.<\/p>\n\n\n\n<p>Des \u00e9volutions concernent \u00e9galement le remboursement des soins de sant\u00e9, tandis que la Flandre conna\u00eet des changements dans le domaine du contr\u00f4le technique automobile. Pour les m\u00e9nages belges, ce 1er septembre marque donc une s\u00e9rie de modifications touchant \u00e0 la fois les revenus, les d\u00e9marches administratives et plusieurs d\u00e9penses du quotidien. Les salari\u00e9s, fonctionnaires, pensionn\u00e9s et familles ont int\u00e9r\u00eat \u00e0 v\u00e9rifier les r\u00e8gles correspondant \u00e0 leur situation afin d\u2019anticiper les changements qui les concernent.<\/p>\n","protected":false},"excerpt":{"rendered":"<p>Ce 1er septembre marque plusieurs changements pour les travailleurs et les m\u00e9nages belges, entre revenus revaloris\u00e9s et nouvelles d\u00e9marches.<\/p>\n","protected":false},"author":22,"featured_media":113048,"comment_status":"open","ping_status":"closed","sticky":false,"template":"","format":"standard","meta":{"footnotes":""},"categories":[1],"tags":[187],"class_list":["post-113163","post","type-post","status-publish","format-standard","has-post-thumbnail","hentry","category-economie","tag-changement","generate-columns","tablet-grid-50","mobile-grid-100","grid-parent","grid-33","no-featured-image-padding"],"_links":{"self":[{"href":"https:\/\/econostrum.info\/belgique\/wp-json\/wp\/v2\/posts\/113163","targetHints":{"allow":["GET"]}}],"collection":[{"href":"https:\/\/econostrum.info\/belgique\/wp-json\/wp\/v2\/posts"}],"about":[{"href":"https:\/\/econostrum.info\/belgique\/wp-json\/wp\/v2\/types\/post"}],"author":[{"embeddable":true,"href":"https:\/\/econostrum.info\/belgique\/wp-json\/wp\/v2\/users\/22"}],"replies":[{"embeddable":true,"href":"https:\/\/econostrum.info\/belgique\/wp-json\/wp\/v2\/comments?post=113163"}],"version-history":[{"count":1,"href":"https:\/\/econostrum.info\/belgique\/wp-json\/wp\/v2\/posts\/113163\/revisions"}],"predecessor-version":[{"id":113165,"href":"https:\/\/econostrum.info\/belgique\/wp-json\/wp\/v2\/posts\/113163\/revisions\/113165"}],"wp:featuredmedia":[{"embeddable":true,"href":"https:\/\/econostrum.info\/belgique\/wp-json\/wp\/v2\/media\/113048"}],"wp:attachment":[{"href":"https:\/\/econostrum.info\/belgique\/wp-json\/wp\/v2\/media?parent=113163"}],"wp:term":[{"taxonomy":"category","embeddable":true,"href":"https:\/\/econostrum.info\/belgique\/wp-json\/wp\/v2\/categories?post=113163"},{"taxonomy":"post_tag","embeddable":true,"href":"https:\/\/econostrum.info\/belgique\/wp-json\/wp\/v2\/tags?post=113163"}],"curies":[{"name":"wp","href":"https:\/\/api.w.org\/{rel}","templated":true}]}}