{"id":113138,"date":"2026-08-31T15:34:00","date_gmt":"2026-08-31T13:34:00","guid":{"rendered":"https:\/\/econostrum.info\/belgique\/?p=113138"},"modified":"2026-08-30T19:46:51","modified_gmt":"2026-08-30T17:46:51","slug":"belgique-ouvrir-magasins-dimanche","status":"publish","type":"post","link":"https:\/\/econostrum.info\/belgique\/belgique-ouvrir-magasins-dimanche\/","title":{"rendered":"Une premi\u00e8re en Belgique : cette cha\u00eene va ouvrir ses magasins le dimanche\u00a0"},"content":{"rendered":"\n<p>Le dimanche matin, les habitudes de courses pourraient bient\u00f4t changer en Belgique. Une enseigne sp\u00e9cialis\u00e9e dans le bio va progressivement ouvrir la majorit\u00e9 de ses magasins ce jour-l\u00e0, alors que les commerces disposent d\u00e9sormais de davantage de libert\u00e9 sur leurs horaires.&nbsp;<\/p>\n\n\n\n<p>Les clients pourront faire leurs achats entre 9h et 13h dans les points de vente concern\u00e9s. Mais tous les magasins ne vont pas suivre le mouvement, notamment en raison de leur localisation.&nbsp;<\/p>\n\n\n\n<h2 class=\"wp-block-heading\"><strong>Des magasins ouverts le dimanche matin<\/strong><\/h2>\n\n\n\n<p>L\u2019enseigne F\u00e4rm pr\u00e9pare un changement important dans ses horaires d\u2019ouverture. Sur ses 42 magasins, la majorit\u00e9 devraient progressivement accueillir les clients le dimanche, de 9h \u00e0 13h. Le d\u00e9ploiement se fera progressivement entre la fin ao\u00fbt et la fin octobre.<\/p>\n\n\n\n<p>Cette \u00e9volution intervient notamment dans le cadre de la transformation de plusieurs magasins Ekoplaza en F\u00e4rm, explique le m\u00e9dia sp\u00e9cialis\u00e9 <a href=\"https:\/\/www.gondola.be\/fr\/news\/la-plupart-des-magasins-farm-ouvriront-aussi-le-dimanche\" target=\"_blank\" rel=\"noopener\">Gondola<\/a>.<\/p>\n\n\n\n<p>Les clients ne pourront toutefois pas forc\u00e9ment profiter de cette nouvelle possibilit\u00e9 partout. L\u2019enseigne pr\u00e9voit de privil\u00e9gier les magasins situ\u00e9s dans les zones urbaines, o\u00f9 les habitudes de consommation sont jug\u00e9es davantage compatibles avec les achats dominicaux.<\/p>\n\n\n\n<h2 class=\"wp-block-heading\"><strong>Des \u00e9quipes r\u00e9duites le dimanche<\/strong><\/h2>\n\n\n\n<p>L\u2019ouverture dominicale ne fonctionnera pas exactement comme les autres jours de la semaine. Les magasins concern\u00e9s seront exploit\u00e9s avec des \u00e9quipes r\u00e9duites. Un ou deux collaborateurs fixes pourront assurer la pr\u00e9sence sur place, avec l\u2019aide d\u2019\u00e9tudiants et de travailleurs en flexi-job.<\/p>\n\n\n\n<p>Pour les employ\u00e9s r\u00e9guliers, travailler le dimanche reposera sur une base volontaire. L\u2019enseigne pr\u00e9cise \u00e9galement que ces heures ne donneront pas lieu \u00e0 un suppl\u00e9ment salarial.<\/p>\n\n\n\n<p>L\u2019objectif est donc de maintenir une ouverture sur une plage horaire relativement courte tout en adaptant les effectifs aux besoins du dimanche matin.<\/p>\n\n\n\n<h2 class=\"wp-block-heading\"><strong>Une nouvelle libert\u00e9 pour les commerces<\/strong><\/h2>\n\n\n\n<p>Cette d\u00e9cision intervient dans un contexte r\u00e9glementaire diff\u00e9rent pour les commerces belges. Les r\u00e8gles concernant les jours d\u2019ouverture ont r\u00e9cemment \u00e9volu\u00e9. L\u2019obligation l\u00e9gale de fermer un jour par semaine a \u00e9t\u00e9 supprim\u00e9e, donnant davantage de libert\u00e9 aux enseignes qui souhaitent adapter leurs horaires aux habitudes de leurs clients.<\/p>\n\n\n\n<p>F\u00e4rm entend profiter de cette nouvelle marge de man\u0153uvre pour proposer un jour d\u2019ouverture suppl\u00e9mentaire.<\/p>\n\n\n\n<p>Pour les consommateurs, cela signifie notamment la possibilit\u00e9 de reporter certaines <a href=\"https:\/\/econostrum.info\/belgique\/belges-segmentation-europeenne\/\" data-type=\"post\" data-id=\"104547\">courses <\/a>au dimanche matin, plut\u00f4t que de devoir les effectuer durant les six autres jours de la semaine.<\/p>\n\n\n\n<h2 class=\"wp-block-heading\"><strong>Une premi\u00e8re pour une cha\u00eene bio en Belgique<\/strong><\/h2>\n\n\n\n<p>Avec cette nouvelle organisation, F\u00e4rm ambitionne \u00e9galement de se d\u00e9marquer dans le secteur de la distribution sp\u00e9cialis\u00e9e. L\u2019enseigne devient en effet la premi\u00e8re cha\u00eene sp\u00e9cialis\u00e9e dans le bio \u00e0 ouvrir le dimanche en Belgique, selon les informations rapport\u00e9es par <a href=\"https:\/\/www.sudinfo.be\/id1187036\/article\/2026-08-30\/cette-enseigne-va-ouvrir-la-plupart-de-ses-magasins-le-dimanche\" target=\"_blank\" rel=\"noopener\">Sudinfo<\/a>.<\/p>\n\n\n\n<p>Le changement sera progressif et tous les magasins ne seront pas n\u00e9cessairement concern\u00e9s. Mais si le mod\u00e8le rencontre son public, les courses dominicales pourraient progressivement prendre une nouvelle place dans les habitudes des <a href=\"https:\/\/econostrum.info\/belgique\/confiance-des-consommateurs-juin\/\" data-type=\"post\" data-id=\"112297\">consommateurs <\/a>belges.<\/p>\n\n\n\n<p>Pour F\u00e4rm, l&rsquo;enjeu sera d\u00e9sormais de trouver le bon \u00e9quilibre entre accessibilit\u00e9 suppl\u00e9mentaire pour les clients et organisation des \u00e9quipes dans les magasins concern\u00e9s.<\/p>\n\n\n\n<figure class=\"wp-block-embed is-type-rich is-provider-x wp-block-embed-x\"><div class=\"wp-block-embed__wrapper\">\n<blockquote class=\"twitter-tweet\" data-width=\"550\" data-dnt=\"true\"><p lang=\"fr\" dir=\"ltr\">Lidl pr\u00e9voit d\u2019ouvrir la moiti\u00e9 de ses magasins le dimanche en Belgique <a href=\"https:\/\/t.co\/1u7Iz3387B\">https:\/\/t.co\/1u7Iz3387B<\/a><\/p>&mdash; Sudinfo.be (@sudinfo_be) <a href=\"https:\/\/x.com\/sudinfo_be\/status\/2062164658031563228?ref_src=twsrc%5Etfw\">June 3, 2026<\/a><\/blockquote><script async src=\"https:\/\/platform.x.com\/widgets.js\" charset=\"utf-8\"><\/script>\n<\/div><\/figure>\n","protected":false},"excerpt":{"rendered":"<p>Faire ses courses le dimanche matin pourrait bient\u00f4t devenir une habitude pour de nombreux Belges. Une enseigne bio s\u2019appr\u00eate \u00e0 ouvrir la majorit\u00e9 de ses magasins quelques heures chaque dimanche, une premi\u00e8re dans le secteur. <\/p>\n","protected":false},"author":35,"featured_media":113139,"comment_status":"open","ping_status":"closed","sticky":false,"template":"","format":"standard","meta":{"footnotes":""},"categories":[25],"tags":[],"class_list":["post-113138","post","type-post","status-publish","format-standard","has-post-thumbnail","hentry","category-conso","generate-columns","tablet-grid-50","mobile-grid-100","grid-parent","grid-33","no-featured-image-padding"],"_links":{"self":[{"href":"https:\/\/econostrum.info\/belgique\/wp-json\/wp\/v2\/posts\/113138","targetHints":{"allow":["GET"]}}],"collection":[{"href":"https:\/\/econostrum.info\/belgique\/wp-json\/wp\/v2\/posts"}],"about":[{"href":"https:\/\/econostrum.info\/belgique\/wp-json\/wp\/v2\/types\/post"}],"author":[{"embeddable":true,"href":"https:\/\/econostrum.info\/belgique\/wp-json\/wp\/v2\/users\/35"}],"replies":[{"embeddable":true,"href":"https:\/\/econostrum.info\/belgique\/wp-json\/wp\/v2\/comments?post=113138"}],"version-history":[{"count":1,"href":"https:\/\/econostrum.info\/belgique\/wp-json\/wp\/v2\/posts\/113138\/revisions"}],"predecessor-version":[{"id":113141,"href":"https:\/\/econostrum.info\/belgique\/wp-json\/wp\/v2\/posts\/113138\/revisions\/113141"}],"wp:featuredmedia":[{"embeddable":true,"href":"https:\/\/econostrum.info\/belgique\/wp-json\/wp\/v2\/media\/113139"}],"wp:attachment":[{"href":"https:\/\/econostrum.info\/belgique\/wp-json\/wp\/v2\/media?parent=113138"}],"wp:term":[{"taxonomy":"category","embeddable":true,"href":"https:\/\/econostrum.info\/belgique\/wp-json\/wp\/v2\/categories?post=113138"},{"taxonomy":"post_tag","embeddable":true,"href":"https:\/\/econostrum.info\/belgique\/wp-json\/wp\/v2\/tags?post=113138"}],"curies":[{"name":"wp","href":"https:\/\/api.w.org\/{rel}","templated":true}]}}