{"id":113121,"date":"2026-08-30T14:34:00","date_gmt":"2026-08-30T12:34:00","guid":{"rendered":"https:\/\/econostrum.info\/belgique\/?p=113121"},"modified":"2026-08-29T21:34:24","modified_gmt":"2026-08-29T19:34:24","slug":"menage-belge-sur-huit-peine-a-acceder-eau","status":"publish","type":"post","link":"https:\/\/econostrum.info\/belgique\/menage-belge-sur-huit-peine-a-acceder-eau\/","title":{"rendered":"Un m\u00e9nage belge sur huit peine \u00e0 acc\u00e9der \u00e0 l\u2019eau et les plus fragiles sont les premiers touch\u00e9s"},"content":{"rendered":"\n<p>L\u2019acc\u00e8s \u00e0 l\u2019eau ne va pas de soi pour tous les m\u00e9nages en Belgique. En 2024, 12,8 % des m\u00e9nages se trouvaient en situation de pr\u00e9carit\u00e9 hydrique, consacrant une part jug\u00e9e excessive de leur budget disponible \u00e0 leur facture d\u2019eau.&nbsp;<\/p>\n\n\n\n<p>Les \u00e9carts restent particuli\u00e8rement marqu\u00e9s entre les r\u00e9gions et selon la situation financi\u00e8re ou familiale des m\u00e9nages. Un ph\u00e9nom\u00e8ne que le changement climatique pourrait encore accentuer dans les prochaines ann\u00e9es.<\/p>\n\n\n\n<h2 class=\"wp-block-heading\"><strong>Un m\u00e9nage sur huit concern\u00e9 par la pr\u00e9carit\u00e9 hydrique<\/strong><\/h2>\n\n\n\n<p>La pr\u00e9carit\u00e9 hydrique d\u00e9signe les situations dans lesquelles un m\u00e9nage rencontre des difficult\u00e9s \u00e0 acc\u00e9der \u00e0 une eau de qualit\u00e9 et en quantit\u00e9 suffisante, notamment en raison de son co\u00fbt.<\/p>\n\n\n\n<p>D\u2019apr\u00e8s le dernier<a href=\"https:\/\/kbs-frb.be\/fr\/barometre-de-la-precarite-hydrique-analyse-et-interpretation-des-resultats-2021-2024\" target=\"_blank\" rel=\"noopener\"> barom\u00e8tre sur la pr\u00e9carit\u00e9 hydrique <\/a>de la Fondation Roi Baudouin, publi\u00e9 jeudi, 12,8 % des m\u00e9nages belges consacraient en 2024 une part excessive de leur budget disponible, une fois le co\u00fbt du logement d\u00e9duit, \u00e0 leur facture d\u2019eau de distribution.<\/p>\n\n\n\n<p>Derri\u00e8re cette moyenne nationale, les diff\u00e9rences r\u00e9gionales sont importantes. \u00c0 Bruxelles, la proportion atteint 23,2 % des m\u00e9nages, contre 21,9 % en 2021. La R\u00e9gion reste ainsi la plus expos\u00e9e au ph\u00e9nom\u00e8ne.<\/p>\n\n\n\n<p>La Fondation Roi Baudouin avance plusieurs explications possibles. Les revenus disponibles y sont g\u00e9n\u00e9ralement plus faibles, tandis que le caract\u00e8re tr\u00e8s urbain de Bruxelles limite davantage l&rsquo;acc\u00e8s \u00e0 des sources alternatives, comme les citernes d\u2019eau de pluie ou les puits.<\/p>\n\n\n\n<h2 class=\"wp-block-heading\"><strong>La Wallonie am\u00e9liore sa situation<\/strong><\/h2>\n\n\n\n<p>La situation \u00e9volue diff\u00e9remment en Wallonie. En 2024, 15,6 % des m\u00e9nages wallons \u00e9taient consid\u00e9r\u00e9s comme \u00e9tant en situation de pr\u00e9carit\u00e9 hydrique, contre 19,3 % en 2021. Cette baisse constitue une am\u00e9lioration notable par rapport au pr\u00e9c\u00e9dent barom\u00e8tre.<\/p>\n\n\n\n<p>La stabilisation des tarifs de l\u2019eau en Wallonie pendant la p\u00e9riode d\u2019inflation pourrait notamment avoir contribu\u00e9 \u00e0 cette \u00e9volution, estime la Fondation Roi Baudouin.<\/p>\n\n\n\n<p>La Flandre conserve de son c\u00f4t\u00e9 la situation la plus favorable. Le taux de pr\u00e9carit\u00e9 hydrique y atteint 8,5 %, contre 9,1 % trois ans auparavant.<\/p>\n\n\n\n<p>M\u00eame si le ph\u00e9nom\u00e8ne recule l\u00e9g\u00e8rement \u00e0 l\u2019\u00e9chelle r\u00e9gionale, il reste donc tr\u00e8s in\u00e9galement r\u00e9parti dans le pays.<\/p>\n\n\n\n<h2 class=\"wp-block-heading\"><strong>Les m\u00e9nages les plus vuln\u00e9rables davantage expos\u00e9s<\/strong><\/h2>\n\n\n\n<p>La pr\u00e9carit\u00e9 hydrique constitue aussi un r\u00e9v\u00e9lateur des in\u00e9galit\u00e9s sociales. Les m\u00e9nages pr\u00e9sentant un risque de pauvret\u00e9 ou une faible intensit\u00e9 de travail sont particuli\u00e8rement expos\u00e9s. La classe moyenne inf\u00e9rieure, les<a href=\"https:\/\/econostrum.info\/belgique\/bruxelles-allocations-familiales-familles\/\" data-type=\"post\" data-id=\"105220\"> familles monoparentales<\/a> ainsi que les personnes isol\u00e9es ou en mauvaise sant\u00e9 figurent \u00e9galement parmi les cat\u00e9gories les plus concern\u00e9es.<\/p>\n\n\n\n<p>Le logement joue lui aussi un r\u00f4le important. Les personnes vivant en appartement sont davantage susceptibles de rencontrer des difficult\u00e9s li\u00e9es au co\u00fbt ou \u00e0 l\u2019acc\u00e8s \u00e0 l\u2019eau. Les maisons disposent plus souvent de solutions alternatives, comme des citernes permettant de r\u00e9cup\u00e9rer l\u2019eau de pluie.<\/p>\n\n\n\n<p>Ces diff\u00e9rences montrent que la pr\u00e9carit\u00e9 hydrique ne d\u00e9pend pas uniquement du prix affich\u00e9 sur une facture. Les<a href=\"https:\/\/econostrum.info\/belgique\/bruxelles-fonds-du-logement-propriete\/\" data-type=\"post\" data-id=\"102096\"> revenus du m\u00e9nage<\/a>, le type de logement et les possibilit\u00e9s de r\u00e9duire sa consommation ou de disposer d&rsquo;une autre source d\u2019eau peuvent \u00e9galement peser lourd dans la balance.<\/p>\n\n\n\n<h2 class=\"wp-block-heading\"><strong>Un probl\u00e8me qui pourrait prendre de l\u2019ampleur<\/strong><\/h2>\n\n\n\n<p>Le barom\u00e8tre a \u00e9t\u00e9 r\u00e9alis\u00e9 par des chercheuses de l\u2019Universit\u00e9 libre de Bruxelles (ULB) et de l\u2019Universit\u00e9 d\u2019Anvers (UAntwerp) pour la Fondation Roi Baudouin.<\/p>\n\n\n\n<p>\u00c0 travers cette nouvelle \u00e9dition, la fondation souhaite maintenir l\u2019attention sur une probl\u00e9matique qui reste souvent peu visible. Elle appelle \u00e9galement au d\u00e9veloppement de solutions adapt\u00e9es aux m\u00e9nages les plus fragiles.<\/p>\n\n\n\n<p>L\u2019enjeu pourrait devenir encore plus important avec l\u2019\u00e9volution du climat, comme le note <a href=\"https:\/\/www.sudinfo.be\/id1185912\/article\/2026-08-27\/un-constat-interpellant-la-sortie-de-lete-un-menage-sur-huit-na-pas-suffisamment\" target=\"_blank\" rel=\"noopener\">Sudinfo<\/a>. La multiplication des \u00e9pisodes de chaleur et les cons\u00e9quences du changement climatique pourraient accentuer les tensions autour de l\u2019eau et rendre certaines situations de pr\u00e9carit\u00e9 encore plus difficiles \u00e0 g\u00e9rer.<\/p>\n\n\n\n<p>Le constat dress\u00e9 par la Fondation Roi Baudouin rappelle ainsi que l\u2019acc\u00e8s \u00e0 l\u2019eau reste aussi une question sociale. Derri\u00e8re les chiffres nationaux se cachent des m\u00e9nages pour lesquels une facture d\u2019eau peut d\u00e9j\u00e0 repr\u00e9senter une charge importante dans un budget particuli\u00e8rement contraint.<\/p>\n\n\n\n<figure class=\"wp-block-embed is-type-rich is-provider-x wp-block-embed-x\"><div class=\"wp-block-embed__wrapper\">\n<blockquote class=\"twitter-tweet\" data-width=\"550\" data-dnt=\"true\"><p lang=\"fr\" dir=\"ltr\">Belgique et acc\u00e8s \u00e0 l\u2019eau : un m\u00e9nage sur huit en pr\u00e9carit\u00e9 hydrique <a href=\"https:\/\/t.co\/slkvirGR6c\">https:\/\/t.co\/slkvirGR6c<\/a> <a href=\"https:\/\/x.com\/Fil_law?ref_src=twsrc%5Etfw\">@Fil_law<\/a><\/p>&mdash; L-Post (@lpost10) <a href=\"https:\/\/x.com\/lpost10\/status\/2093282604493504866?ref_src=twsrc%5Etfw\">August 28, 2026<\/a><\/blockquote><script async src=\"https:\/\/platform.x.com\/widgets.js\" charset=\"utf-8\"><\/script>\n<\/div><\/figure>\n","protected":false},"excerpt":{"rendered":"<p>Un m\u00e9nage belge sur huit fait face \u00e0 une situation de pr\u00e9carit\u00e9 hydrique, avec une facture d\u2019eau qui p\u00e8se trop lourd dans son budget. Et derri\u00e8re cette moyenne nationale, les \u00e9carts sont particuli\u00e8rement frappants selon les r\u00e9gions et les revenus.<\/p>\n","protected":false},"author":35,"featured_media":113122,"comment_status":"open","ping_status":"closed","sticky":false,"template":"","format":"standard","meta":{"footnotes":""},"categories":[25],"tags":[],"class_list":["post-113121","post","type-post","status-publish","format-standard","has-post-thumbnail","hentry","category-conso","generate-columns","tablet-grid-50","mobile-grid-100","grid-parent","grid-33","no-featured-image-padding"],"_links":{"self":[{"href":"https:\/\/econostrum.info\/belgique\/wp-json\/wp\/v2\/posts\/113121","targetHints":{"allow":["GET"]}}],"collection":[{"href":"https:\/\/econostrum.info\/belgique\/wp-json\/wp\/v2\/posts"}],"about":[{"href":"https:\/\/econostrum.info\/belgique\/wp-json\/wp\/v2\/types\/post"}],"author":[{"embeddable":true,"href":"https:\/\/econostrum.info\/belgique\/wp-json\/wp\/v2\/users\/35"}],"replies":[{"embeddable":true,"href":"https:\/\/econostrum.info\/belgique\/wp-json\/wp\/v2\/comments?post=113121"}],"version-history":[{"count":1,"href":"https:\/\/econostrum.info\/belgique\/wp-json\/wp\/v2\/posts\/113121\/revisions"}],"predecessor-version":[{"id":113124,"href":"https:\/\/econostrum.info\/belgique\/wp-json\/wp\/v2\/posts\/113121\/revisions\/113124"}],"wp:featuredmedia":[{"embeddable":true,"href":"https:\/\/econostrum.info\/belgique\/wp-json\/wp\/v2\/media\/113122"}],"wp:attachment":[{"href":"https:\/\/econostrum.info\/belgique\/wp-json\/wp\/v2\/media?parent=113121"}],"wp:term":[{"taxonomy":"category","embeddable":true,"href":"https:\/\/econostrum.info\/belgique\/wp-json\/wp\/v2\/categories?post=113121"},{"taxonomy":"post_tag","embeddable":true,"href":"https:\/\/econostrum.info\/belgique\/wp-json\/wp\/v2\/tags?post=113121"}],"curies":[{"name":"wp","href":"https:\/\/api.w.org\/{rel}","templated":true}]}}