{"id":113117,"date":"2026-08-30T13:18:00","date_gmt":"2026-08-30T11:18:00","guid":{"rendered":"https:\/\/econostrum.info\/belgique\/?p=113117"},"modified":"2026-08-29T21:18:37","modified_gmt":"2026-08-29T19:18:37","slug":"heures-prestees-les-belges-boulot","status":"publish","type":"post","link":"https:\/\/econostrum.info\/belgique\/heures-prestees-les-belges-boulot\/","title":{"rendered":"86,71 % des heures prest\u00e9es : les Belges n\u2019ont jamais autant \u00e9t\u00e9 au boulot depuis 2020"},"content":{"rendered":"\n<p>La pr\u00e9sence au travail atteint un niveau in\u00e9dit en Belgique depuis le d\u00e9but des mesures r\u00e9alis\u00e9es en 2020. Au cours des six premiers mois de 2026, les travailleurs ont effectivement prest\u00e9 86,71 % de leurs heures de travail possibles, selon le dernier barom\u00e8tre de l\u2019absent\u00e9isme d\u2019Acerta.&nbsp;<\/p>\n\n\n\n<p>Une progression qui intervient alors que toutes les principales formes d\u2019absence sont en recul. Mais derri\u00e8re cette am\u00e9lioration g\u00e9n\u00e9rale, certaines diff\u00e9rences restent visibles selon le statut et le secteur d\u2019activit\u00e9.<\/p>\n\n\n\n<h2 class=\"wp-block-heading\"><strong>Un niveau de pr\u00e9sence jamais atteint depuis 2020<\/strong><\/h2>\n\n\n\n<p>Les entreprises belges enregistrent une progression notable du temps effectivement prest\u00e9. Entre janvier et juin 2026, 86,71 % des heures de travail possibles ont \u00e9t\u00e9 prest\u00e9es, ce qui constitue le meilleur r\u00e9sultat depuis le d\u00e9but des mesures effectu\u00e9es par Acerta en 2020.<\/p>\n\n\n\n<p>Le pr\u00e9c\u00e9dent record remontait \u00e0 2024, avec un taux de pr\u00e9sence de 85,61 %.<\/p>\n\n\n\n<p>Pour \u00e9tablir son nouveau <a href=\"https:\/\/acerta.prezly.com\/les-travailleurs-plus-au-travail-que-jamais-un-peu-plus-de-86-du-temps-de-travail-a-effectivement-ete-preste-cette-annee\" target=\"_blank\" rel=\"noopener\">barom\u00e8tre<\/a>, le sp\u00e9cialiste des ressources humaines a analys\u00e9 les donn\u00e9es de pr\u00e8s de 432.000 travailleurs, r\u00e9partis dans environ 30.000 employeurs du secteur priv\u00e9.<\/p>\n\n\n\n<p>Cette \u00e9volution traduit une diminution globale des diff\u00e9rentes formes d&rsquo;absence prises en compte dans l&rsquo;\u00e9tude.<\/p>\n\n\n\n<h2 class=\"wp-block-heading\"><strong>Les arr\u00eats maladie restent la principale absence<\/strong><\/h2>\n\n\n\n<p>Malgr\u00e9 cette am\u00e9lioration, la maladie reste le premier motif d&rsquo;absence dans les entreprises belges. Les arr\u00eats maladie repr\u00e9sentent 7 % du temps de travail, soit une diminution de 0,72 point de pourcentage sur un an.<\/p>\n\n\n\n<p>La situation varie toutefois fortement selon les secteurs. Dans le non-marchand, par exemple, la proportion atteint 8,94 %, ce qui en fait l&rsquo;un des domaines les plus concern\u00e9s par l&rsquo;absence pour maladie.<\/p>\n\n\n\n<p>Les autres formes d&rsquo;absence ont \u00e9galement diminu\u00e9. Les cong\u00e9s, le ch\u00f4mage technique ou \u00e9conomique, le cr\u00e9dit-temps et les interruptions de carri\u00e8re affichent tous une tendance \u00e0 la baisse par rapport \u00e0 l&rsquo;ann\u00e9e pr\u00e9c\u00e9dente.<\/p>\n\n\n\n<p>Le ch\u00f4mage technique et \u00e9conomique atteint notamment son niveau le plus faible depuis le d\u00e9but des mesures, avec seulement 0,58 % des heures non prest\u00e9es pour cette raison.<\/p>\n\n\n\n<p>\u00c0 titre de comparaison, ce taux avait grimp\u00e9 jusqu&rsquo;\u00e0 8 % en 2020, au plus fort de la crise li\u00e9e au Covid-19.<\/p>\n\n\n\n<h2 class=\"wp-block-heading\"><strong>Employ\u00e9s et ouvriers ne sont pas tout \u00e0 fait au m\u00eame niveau<\/strong><\/h2>\n\n\n\n<p>Le taux de pr\u00e9sence varie \u00e9galement selon le statut professionnel. Les employ\u00e9s ont prest\u00e9 87,19 % de leur temps de travail possible, contre 85,99 % pour les ouvriers.<\/p>\n\n\n\n<p>La taille de l&rsquo;entreprise joue \u00e9galement un r\u00f4le. Dans les structures comptant moins de dix travailleurs, le taux de pr\u00e9sence atteint 91,22 %, un niveau nettement sup\u00e9rieur \u00e0 la moyenne g\u00e9n\u00e9rale.<\/p>\n\n\n\n<p>Ces diff\u00e9rences montrent que la baisse de l&rsquo;absent\u00e9isme n&rsquo;est pas uniforme dans l&rsquo;ensemble du march\u00e9 du travail belge.<\/p>\n\n\n\n<h2 class=\"wp-block-heading\"><strong>Les employeurs semblent jouer un r\u00f4le dans cette \u00e9volution<\/strong><\/h2>\n\n\n\n<p>Pour Acerta, cette progression de la pr\u00e9sence au travail s&rsquo;explique notamment par les efforts entrepris par les employeurs pour lutter contre l&rsquo;absent\u00e9isme li\u00e9 aux maladies.<\/p>\n\n\n\n<p>Catherine Langenaeken, experte absent\u00e9isme chez Acerta, estime que ces initiatives contribuent \u00e0 expliquer le niveau de pr\u00e9sence observ\u00e9 au premier semestre.<\/p>\n\n\n\n<p>La sp\u00e9cialiste appelle toutefois \u00e0 rester attentive \u00e0 l&rsquo;\u00e9volution du <a href=\"https:\/\/econostrum.info\/belgique\/reforme-du-chomage-premieres-consequences\/\" data-type=\"post\" data-id=\"111906\">ch\u00f4mage <\/a>\u00e9conomique et des autres formes de ch\u00f4mage temporaire. Dans un contexte \u00e9conomique encore incertain, ces indicateurs pourraient en effet repartir \u00e0 la hausse.<\/p>\n\n\n\n<p>Pour l&rsquo;instant, les chiffres restent n\u00e9anmoins favorables : jamais depuis 2020 les <a href=\"https:\/\/econostrum.info\/belgique\/travailleurs-satisfaits-de-salaire\/\" data-type=\"post\" data-id=\"111592\">travailleurs belges<\/a> n&rsquo;avaient affich\u00e9 un taux de pr\u00e9sence aussi \u00e9lev\u00e9 au cours des six premiers mois d&rsquo;une ann\u00e9e.<\/p>\n\n\n\n<figure class=\"wp-block-embed is-type-rich is-provider-x wp-block-embed-x\"><div class=\"wp-block-embed__wrapper\">\n<blockquote class=\"twitter-tweet\" data-width=\"550\" data-dnt=\"true\"><p lang=\"fr\" dir=\"ltr\">Les entreprises belges serrent la vis par rapport au t\u00e9l\u00e9travail : les employeurs imposent de plus en plus des jours de pr\u00e9sence au bureau <a href=\"https:\/\/t.co\/QnPjTzqwTD\">https:\/\/t.co\/QnPjTzqwTD<\/a><\/p>&mdash; Sudinfo.be (@sudinfo_be) <a href=\"https:\/\/x.com\/sudinfo_be\/status\/2031603571997786219?ref_src=twsrc%5Etfw\">March 11, 2026<\/a><\/blockquote><script async src=\"https:\/\/platform.x.com\/widgets.js\" charset=\"utf-8\"><\/script>\n<\/div><\/figure>\n","protected":false},"excerpt":{"rendered":"<p>Les travailleurs belges affichent une pr\u00e9sence record depuis le d\u00e9but des statistiques en 2020. Au premier semestre 2026, les absences ont recul\u00e9 dans plusieurs cat\u00e9gories, tandis que le temps r\u00e9ellement prest\u00e9 atteint un niveau in\u00e9dit.<\/p>\n","protected":false},"author":35,"featured_media":113119,"comment_status":"open","ping_status":"closed","sticky":false,"template":"","format":"standard","meta":{"footnotes":""},"categories":[26],"tags":[],"class_list":["post-113117","post","type-post","status-publish","format-standard","has-post-thumbnail","hentry","category-emploi","generate-columns","tablet-grid-50","mobile-grid-100","grid-parent","grid-33","no-featured-image-padding"],"_links":{"self":[{"href":"https:\/\/econostrum.info\/belgique\/wp-json\/wp\/v2\/posts\/113117","targetHints":{"allow":["GET"]}}],"collection":[{"href":"https:\/\/econostrum.info\/belgique\/wp-json\/wp\/v2\/posts"}],"about":[{"href":"https:\/\/econostrum.info\/belgique\/wp-json\/wp\/v2\/types\/post"}],"author":[{"embeddable":true,"href":"https:\/\/econostrum.info\/belgique\/wp-json\/wp\/v2\/users\/35"}],"replies":[{"embeddable":true,"href":"https:\/\/econostrum.info\/belgique\/wp-json\/wp\/v2\/comments?post=113117"}],"version-history":[{"count":1,"href":"https:\/\/econostrum.info\/belgique\/wp-json\/wp\/v2\/posts\/113117\/revisions"}],"predecessor-version":[{"id":113120,"href":"https:\/\/econostrum.info\/belgique\/wp-json\/wp\/v2\/posts\/113117\/revisions\/113120"}],"wp:featuredmedia":[{"embeddable":true,"href":"https:\/\/econostrum.info\/belgique\/wp-json\/wp\/v2\/media\/113119"}],"wp:attachment":[{"href":"https:\/\/econostrum.info\/belgique\/wp-json\/wp\/v2\/media?parent=113117"}],"wp:term":[{"taxonomy":"category","embeddable":true,"href":"https:\/\/econostrum.info\/belgique\/wp-json\/wp\/v2\/categories?post=113117"},{"taxonomy":"post_tag","embeddable":true,"href":"https:\/\/econostrum.info\/belgique\/wp-json\/wp\/v2\/tags?post=113117"}],"curies":[{"name":"wp","href":"https:\/\/api.w.org\/{rel}","templated":true}]}}