{"id":113113,"date":"2026-08-30T08:04:00","date_gmt":"2026-08-30T06:04:00","guid":{"rendered":"https:\/\/econostrum.info\/belgique\/?p=113113"},"modified":"2026-08-29T21:04:59","modified_gmt":"2026-08-29T19:04:59","slug":"septembre-belgique-vent-ete-indien","status":"publish","type":"post","link":"https:\/\/econostrum.info\/belgique\/septembre-belgique-vent-ete-indien\/","title":{"rendered":"Septembre joue les montagnes russes : la Belgique va prendre un sacr\u00e9 coup de vent avant l\u2019\u00e9t\u00e9 indien\u00a0"},"content":{"rendered":"\n<p>La rentr\u00e9e ne s\u2019annonce pas vraiment calme c\u00f4t\u00e9 m\u00e9t\u00e9o en Belgique. D\u00e8s lundi, le vent se renforcera avec des rafales pouvant atteindre 70 km\/h, tandis que plusieurs perturbations traverseront le pays.&nbsp;<\/p>\n\n\n\n<p>Pourtant, cette ambiance agit\u00e9e ne devrait pas donner le ton de tout le mois de septembre. Les temp\u00e9ratures pourraient m\u00eame remonter sensiblement au fil de la premi\u00e8re semaine.<\/p>\n\n\n\n<h2 class=\"wp-block-heading\"><strong>Un lundi particuli\u00e8rement venteux<\/strong><\/h2>\n\n\n\n<p>Ce dimanche 30 ao\u00fbt, la Belgique profitera encore d\u2019une journ\u00e9e relativement douce, avec des temp\u00e9ratures comprises entre 19 et 24 \u00b0C selon les r\u00e9gions. Le ciel sera toutefois variable \u00e0 nuageux et quelques averses pourront se d\u00e9velopper dans l\u2019apr\u00e8s-midi, notamment en Flandre et autour d\u2019Anvers.<\/p>\n\n\n\n<p>La situation se d\u00e9gradera davantage dans la nuit suivante. Des averses parfois soutenues, accompagn\u00e9es localement d\u2019un coup de tonnerre, gagneront progressivement le pays. Le vent de sud-ouest se renforcera \u00e9galement, avec des pointes de 45 \u00e0 55 km\/h.<\/p>\n\n\n\n<p>Lundi 31 ao\u00fbt, une perturbation traversera ensuite la Belgique. Les pluies s\u2019\u00e9tendront progressivement \u00e0 l\u2019ensemble du pays et pourront prendre un caract\u00e8re orageux par endroits.<\/p>\n\n\n\n<p>Le vent soufflera assez fort et les rafales pourront atteindre 60 \u00e0 70 km\/h. Les temp\u00e9ratures seront \u00e9galement en baisse, avec seulement 16 \u00e0 21 \u00b0C au meilleur de la journ\u00e9e.<\/p>\n\n\n\n<h2 class=\"wp-block-heading\"><strong>Une courte accalmie avant le retour des perturbations<\/strong><\/h2>\n\n\n\n<p>Le 1er septembre marquera une premi\u00e8re am\u00e9lioration. Apr\u00e8s un d\u00e9but de matin\u00e9e encore nuageux, les \u00e9claircies gagneront progressivement du terrain. L\u2019apr\u00e8s-midi devrait \u00eatre assez ensoleill\u00e9 dans l\u2019int\u00e9rieur du pays, avec des temp\u00e9ratures comprises entre 17 et 23 \u00b0C.<\/p>\n\n\n\n<p>Cette accalmie sera cependant de courte dur\u00e9e. Un nouveau front atteindra progressivement nos r\u00e9gions durant la nuit de mardi \u00e0 mercredi.<\/p>\n\n\n\n<p>Mercredi, la matin\u00e9e sera assez fra\u00eeche mais largement ensoleill\u00e9e dans l\u2019int\u00e9rieur du pays. Le littoral conservera davantage de nuages. Dans l\u2019apr\u00e8s-midi, quelques averses pourront se d\u00e9velopper, surtout dans le nord-ouest.<\/p>\n\n\n\n<p>Le vent de sud-ouest restera soutenu, avec des rafales pouvant atteindre 55 \u00e0 65 km\/h.<\/p>\n\n\n\n<p>Jeudi, le temps restera tr\u00e8s nuageux en d\u00e9but de journ\u00e9e avec quelques faibles pluies avant une am\u00e9lioration progressive. Le vent basculera \u00e0 l\u2019ouest tout en conservant des pointes de 50 \u00e0 60 km\/h.<\/p>\n\n\n\n<figure class=\"wp-block-embed is-type-rich is-provider-x wp-block-embed-x\"><div class=\"wp-block-embed__wrapper\">\n<blockquote class=\"twitter-tweet\" data-width=\"550\" data-dnt=\"true\"><p lang=\"nl\" dir=\"ltr\">Belgique: pr\u00e9visions pour les prochains jours<br>Belgi\u00eb: verwachtingen voor de volgende dagen<br>Belgi\u00ebn: Aussichten f\u00fcr die kommenden Tage<br>Update : 29-8-26\u00a0 (Belgische Meteo Club Belge)<br><br>Voici tous les d\u00e9tails &#8211; Zie hier alle d\u00e9tails &#8211; Hier finden Sie alle Details:\u2026<\/p>&mdash; BMCB &#8211; Belgische Meteo Club Belge (@ltrullem) <a href=\"https:\/\/x.com\/ltrullem\/status\/2093679817099034684?ref_src=twsrc%5Etfw\">August 29, 2026<\/a><\/blockquote><script async src=\"https:\/\/platform.x.com\/widgets.js\" charset=\"utf-8\"><\/script>\n<\/div><\/figure>\n\n\n\n<h2 class=\"wp-block-heading\"><strong>Une fin de semaine nettement plus douce<\/strong><\/h2>\n\n\n\n<p>Le temps restera encore changeant vendredi. De belles \u00e9claircies appara\u00eetront notamment en Flandre, tandis que la n\u00e9bulosit\u00e9 sera plus importante en Wallonie. Des pluies gagneront progressivement les r\u00e9gions situ\u00e9es au nord du sillon Sambre-et-Meuse.<\/p>\n\n\n\n<p>Mais le sc\u00e9nario \u00e9voluera favorablement \u00e0 l\u2019approche du week-end, selon les pr\u00e9visions communiqu\u00e9es par <a href=\"https:\/\/www.sudinfo.be\/id1186951\/article\/2026-08-29\/la-belgique-va-t-elle-vivre-un-ete-indien-luc-trullemans-livre-ses-premieres\" target=\"_blank\" rel=\"noopener\">Sudinfo<\/a>.<\/p>\n\n\n\n<p>Samedi 5 septembre, le ciel restera tr\u00e8s nuageux et souvent pluvieux en Flandre. La Wallonie pourra toutefois b\u00e9n\u00e9ficier de quelques \u00e9claircies durant l\u2019apr\u00e8s-midi.<\/p>\n\n\n\n<p>Surtout, les temp\u00e9ratures remonteront nettement. Les maximales atteindront 20 \u00e0 23 \u00b0C en Flandre et 22 \u00e0 27 \u00b0C en Walloni<strong>e<\/strong>, avec les valeurs les plus \u00e9lev\u00e9es attendues en Gaume.<\/p>\n\n\n\n<p>Autrement dit, apr\u00e8s un d\u00e9but de mois particuli\u00e8rement agit\u00e9, le thermom\u00e8tre pourrait rapidement reprendre des couleurs.<\/p>\n\n\n\n<h2 class=\"wp-block-heading\"><strong>La douceur pourrait jouer les prolongations<\/strong><\/h2>\n\n\n\n<p>La tendance annonc\u00e9e pour la p\u00e9riode du 6 au 11 <a href=\"https:\/\/econostrum.info\/belgique\/trottinettes-electriques-changement\/\" data-type=\"post\" data-id=\"110643\">septembre <\/a>reste plut\u00f4t favorable aux temp\u00e9ratures douces. L\u2019atmosph\u00e8re devrait demeurer humide et quelques pluies ou averses pourront encore traverser le pays, mais les temp\u00e9ratures diurnes devraient rester agr\u00e9ables, g\u00e9n\u00e9ralement entre 18 et 25 \u00b0C selon les r\u00e9gions.<\/p>\n\n\n\n<p>Un \u00e9pisode de douceur particuli\u00e8rement marqu\u00e9 pourrait m\u00eame se produire autour du 6 septembre.<\/p>\n\n\n\n<p>La premi\u00e8re d\u00e9cade de septembre devrait donc jouer les contrastes. Entre les rafales de 70 km\/h du d\u00e9but de semaine, les passages pluvieux et le retour progressif de temp\u00e9ratures pouvant atteindre 27 \u00b0C, la m\u00e9t\u00e9o belge pourrait passer rapidement d\u2019une <a href=\"https:\/\/econostrum.info\/belgique\/meteo-week-end-pluvieux-et-froid\/\" data-type=\"post\" data-id=\"107742\">ambiance automnale <\/a>\u00e0 une atmosph\u00e8re nettement plus estivale.<\/p>\n","protected":false},"excerpt":{"rendered":"<p>Le mois de septembre commencera sous le signe du vent et des perturbations en Belgique. Pourtant, derri\u00e8re cette m\u00e9t\u00e9o agit\u00e9e, les temp\u00e9ratures pourraient r\u00e9server une belle surprise aux habitants dans les premiers jours du mois. <\/p>\n","protected":false},"author":35,"featured_media":113115,"comment_status":"open","ping_status":"closed","sticky":false,"template":"","format":"standard","meta":{"footnotes":""},"categories":[19],"tags":[],"class_list":["post-113113","post","type-post","status-publish","format-standard","has-post-thumbnail","hentry","category-meteo","generate-columns","tablet-grid-50","mobile-grid-100","grid-parent","grid-33","no-featured-image-padding"],"_links":{"self":[{"href":"https:\/\/econostrum.info\/belgique\/wp-json\/wp\/v2\/posts\/113113","targetHints":{"allow":["GET"]}}],"collection":[{"href":"https:\/\/econostrum.info\/belgique\/wp-json\/wp\/v2\/posts"}],"about":[{"href":"https:\/\/econostrum.info\/belgique\/wp-json\/wp\/v2\/types\/post"}],"author":[{"embeddable":true,"href":"https:\/\/econostrum.info\/belgique\/wp-json\/wp\/v2\/users\/35"}],"replies":[{"embeddable":true,"href":"https:\/\/econostrum.info\/belgique\/wp-json\/wp\/v2\/comments?post=113113"}],"version-history":[{"count":1,"href":"https:\/\/econostrum.info\/belgique\/wp-json\/wp\/v2\/posts\/113113\/revisions"}],"predecessor-version":[{"id":113116,"href":"https:\/\/econostrum.info\/belgique\/wp-json\/wp\/v2\/posts\/113113\/revisions\/113116"}],"wp:featuredmedia":[{"embeddable":true,"href":"https:\/\/econostrum.info\/belgique\/wp-json\/wp\/v2\/media\/113115"}],"wp:attachment":[{"href":"https:\/\/econostrum.info\/belgique\/wp-json\/wp\/v2\/media?parent=113113"}],"wp:term":[{"taxonomy":"category","embeddable":true,"href":"https:\/\/econostrum.info\/belgique\/wp-json\/wp\/v2\/categories?post=113113"},{"taxonomy":"post_tag","embeddable":true,"href":"https:\/\/econostrum.info\/belgique\/wp-json\/wp\/v2\/tags?post=113113"}],"curies":[{"name":"wp","href":"https:\/\/api.w.org\/{rel}","templated":true}]}}