{"id":113108,"date":"2026-08-30T10:53:00","date_gmt":"2026-08-30T08:53:00","guid":{"rendered":"https:\/\/econostrum.info\/belgique\/?p=113108"},"modified":"2026-08-29T21:05:38","modified_gmt":"2026-08-29T19:05:38","slug":"colruyt-facon-entrepot-vos-courses","status":"publish","type":"post","link":"https:\/\/econostrum.info\/belgique\/colruyt-facon-entrepot-vos-courses\/","title":{"rendered":"Fini le Colruyt fa\u00e7on entrep\u00f4t : vos courses vont prendre un sacr\u00e9 virage dans les prochains mois"},"content":{"rendered":"\n<p>Les habitudes des clients de Colruyt pourraient bient\u00f4t \u00eatre bouscul\u00e9es. L\u2019enseigne belge teste actuellement plusieurs nouveaux am\u00e9nagements dans ses magasins, du rayon frais \u00e0 la boulangerie en passant par le fromage et les produits non alimentaires.&nbsp;<\/p>\n\n\n\n<p>Certaines exp\u00e9rimentations sont d\u00e9j\u00e0 visibles en Wallonie et \u00e0 Bruxelles, tandis que d\u2019autres doivent encore \u00eatre d\u00e9ploy\u00e9es. L\u2019objectif est de rendre les magasins plus pratiques et plus agr\u00e9ables, tout en adaptant l\u2019offre aux nouvelles habitudes de consommation.<\/p>\n\n\n\n<h2 class=\"wp-block-heading\"><strong>Le rayon frais change de visage<\/strong><\/h2>\n\n\n\n<p>Selon <a href=\"https:\/\/www.sudinfo.be\/id1186771\/article\/2026-08-29\/boucherie-poisson-pain-fromage-voici-tout-ce-qui-va-changer-dans-vos-colruyt\" target=\"_blank\" rel=\"noopener\">Sudinfo<\/a>, qui d\u00e9taille les diff\u00e9rents tests et transformations actuellement men\u00e9s dans les magasins Colruyt, le changement le plus visible concerne le rayon frais. Dans plusieurs magasins, l&rsquo;enseigne rapproche d\u00e9sormais le poisson et les produits v\u00e9g\u00e9tariens de la boucherie. L\u2019id\u00e9e est de r\u00e9unir au m\u00eame endroit les diff\u00e9rentes sources de prot\u00e9ines afin de faciliter les choix des consommateurs.<\/p>\n\n\n\n<p>Le nouvel espace accueille \u00e9galement des produits \u00ab convenience \u00bb, ces pr\u00e9parations qui permettent de cuisiner rapidement avec un minimum de pr\u00e9paration. Cette \u00e9volution accompagne notamment l\u2019essor du flexitarisme et la recherche de solutions pratiques pour les repas du quotidien.<\/p>\n\n\n\n<p>L\u2019am\u00e9nagement a d\u00e9j\u00e0 \u00e9t\u00e9 test\u00e9 dans cinq magasins, dont Beaufays et Amay en Wallonie. D\u2019autres magasins wallons doivent suivre cette ann\u00e9e, notamment Gembloux. Colruyt pr\u00e9cise toutefois que l\u2019organisation finale d\u00e9pendra de la superficie et de la configuration de chaque \u00e9tablissement.<\/p>\n\n\n\n<h2 class=\"wp-block-heading\"><strong>Trois nouvelles boulangeries vont arriver en Wallonie<\/strong><\/h2>\n\n\n\n<p>Autre nouveaut\u00e9 pour les clients. L\u2019enseigne acc\u00e9l\u00e8re \u00e9galement le d\u00e9veloppement de ses boulangeries internes.<\/p>\n\n\n\n<p>Quatorze magasins disposent actuellement d\u2019une boulangerie. En Wallonie et \u00e0 Bruxelles, les clients peuvent notamment en profiter \u00e0 Rochefort, Li\u00e8ge et Stockel.<\/p>\n\n\n\n<p>Face \u00e0 la demande croissante pour du pain frais cuit sur place, Colruyt pr\u00e9voit d\u2019agrandir son offre dans trois magasins wallons. \u00c9pinois, Nivelles et Mons doivent ainsi b\u00e9n\u00e9ficier d\u2019un rayon boulangerie plus important, avec davantage de vari\u00e9t\u00e9s.<\/p>\n\n\n\n<p>Une \u00e9volution qui illustre la volont\u00e9 de l\u2019enseigne de renforcer les produits frais et de proposer davantage de choix directement en magasin.<\/p>\n\n\n\n<figure class=\"wp-block-embed is-type-rich is-provider-x wp-block-embed-x\"><div class=\"wp-block-embed__wrapper\">\n<blockquote class=\"twitter-tweet\" data-width=\"550\" data-dnt=\"true\"><p lang=\"fr\" dir=\"ltr\">Colruyt va enfin tester son offre de &quot;boulangerie maison&quot; en Wallonie <a href=\"https:\/\/t.co\/Kfdn91hefl\">https:\/\/t.co\/Kfdn91hefl<\/a> <a href=\"https:\/\/t.co\/W4BPn63Kpr\">pic.twitter.com\/W4BPn63Kpr<\/a><\/p>&mdash; La Libre (@lalibrebe) <a href=\"https:\/\/x.com\/lalibrebe\/status\/2061707652107747370?ref_src=twsrc%5Etfw\">June 2, 2026<\/a><\/blockquote><script async src=\"https:\/\/platform.x.com\/widgets.js\" charset=\"utf-8\"><\/script>\n<\/div><\/figure>\n\n\n\n<h2 class=\"wp-block-heading\"><strong>Le fromage passe \u00e0 une pr\u00e9sentation plus chaleureuse<\/strong><\/h2>\n\n\n\n<p>Le rayon fromage fait lui aussi l\u2019objet d\u2019une exp\u00e9rimentation. Dans cinq magasins, Colruyt teste actuellement une pr\u00e9sentation plus travaill\u00e9e, avec notamment des \u00e9l\u00e9ments en bois et une mise en sc\u00e8ne plus qualitative des produits.<\/p>\n\n\n\n<p>Le but est de donner davantage de visibilit\u00e9 \u00e0 l\u2019assortiment et de rendre le rayon plus chaleureux.<\/p>\n\n\n\n<p>Pour l\u2019instant, il ne s\u2019agit toutefois que d\u2019un test. Colruyt indique qu\u2019aucun d\u00e9ploiement g\u00e9n\u00e9ralis\u00e9 n\u2019est pr\u00e9vu \u00e0 ce stade. Le magasin de Marche-en-Famenne fait notamment partie des \u00e9tablissements concern\u00e9s par cette exp\u00e9rimentation.<\/p>\n\n\n\n<h2 class=\"wp-block-heading\"><strong>Le non-food laisse davantage de place \u00e0 la sant\u00e9 et aux animaux<\/strong><\/h2>\n\n\n\n<p>Les produits non alimentaires vont \u00e9galement voir leur espace \u00e9voluer. Colruyt estime que les consommateurs peuvent d\u00e9sormais trouver une grande partie de ces articles sur internet ou dans des magasins sp\u00e9cialis\u00e9s. L\u2019enseigne souhaite donc r\u00e9duire et optimiser l\u2019espace consacr\u00e9 au non-food afin de d\u00e9velopper d\u2019autres cat\u00e9gories.<\/p>\n\n\n\n<p>Une centaine de petits magasins ont d\u00e9j\u00e0 \u00e9t\u00e9 adapt\u00e9s. Le chantier se poursuit maintenant dans les \u00e9tablissements de taille moyenne.<\/p>\n\n\n\n<p>L\u2019objectif est notamment d\u2019\u00e9largir l\u2019offre consacr\u00e9e \u00e0 la sant\u00e9 et \u00e0 la beaut\u00e9, mais aussi aux produits pour animaux. En Wallonie et \u00e0 Bruxelles, les magasins d\u2019Etterbeek, Molenbeek et Bas\u00e8cles ont d\u00e9j\u00e0 connu ces changements. Tournai, Corbais, Andenne, Virton, Leuze-en-Hainaut, Eupen et Montegn\u00e9e figurent parmi les prochains magasins concern\u00e9s.<\/p>\n\n\n\n<h2 class=\"wp-block-heading\"><strong>Les caisses et les caddies \u00e9voluent aussi<\/strong><\/h2>\n\n\n\n<p>Le passage en caisse n\u2019\u00e9chappe pas \u00e0 cette transformation. Tous les magasins <a href=\"https:\/\/econostrum.info\/belgique\/colruyt-rappelle-un-produit\/\" data-type=\"post\" data-id=\"109384\">Colruyt <\/a>doivent \u00eatre \u00e9quip\u00e9s cette ann\u00e9e de l\u2019Easy Check-out, un syst\u00e8me con\u00e7u pour faciliter le travail des collaborateurs et fluidifier le passage des clients. Le dispositif repose notamment sur un scanner install\u00e9 au-dessus des collaborateurs et des <a href=\"https:\/\/econostrum.info\/belgique\/caddies-payants-colruyt\/\" data-type=\"post\" data-id=\"5756\">caddies<\/a>.<\/p>\n\n\n\n<p>L\u2019enseigne teste \u00e9galement son Smart Cart, un caddie intelligent, dans trois magasins, dont Waterloo. Colruyt se montre satisfait des premiers r\u00e9sultats et doit \u00e9valuer \u00e0 la fin de l\u2019ann\u00e9e s\u2019il convient de d\u00e9ployer cette technologie plus largement.<\/p>\n\n\n\n<p>L\u2019ensemble de ces changements dessine progressivement un nouveau visage pour les magasins Colruyt. Longtemps associ\u00e9e \u00e0 une pr\u00e9sentation tr\u00e8s fonctionnelle, l\u2019enseigne semble d\u00e9sormais vouloir miser davantage sur le confort, les produits frais et une exp\u00e9rience d\u2019achat plus agr\u00e9able.<\/p>\n\n\n\n<figure class=\"wp-block-embed is-type-rich is-provider-x wp-block-embed-x\"><div class=\"wp-block-embed__wrapper\">\n<blockquote class=\"twitter-tweet\" data-width=\"550\" data-dnt=\"true\"><p lang=\"fr\" dir=\"ltr\">On a test\u00e9 le nouveau caddie intelligent de Colruyt : voici comment il change votre fa\u00e7on de faire les courses <a href=\"https:\/\/t.co\/xAlOb4d0yT\">https:\/\/t.co\/xAlOb4d0yT<\/a><\/p>&mdash; Sudinfo.be (@sudinfo_be) <a href=\"https:\/\/x.com\/sudinfo_be\/status\/2033954690988204306?ref_src=twsrc%5Etfw\">March 17, 2026<\/a><\/blockquote><script async src=\"https:\/\/platform.x.com\/widgets.js\" charset=\"utf-8\"><\/script>\n<\/div><\/figure>\n","protected":false},"excerpt":{"rendered":"<p>Vos prochaines courses chez Colruyt pourraient avoir un tout autre visage. L\u2019enseigne teste de nouveaux rayons, agrandit ses boulangeries et mise sur des magasins plus modernes et chaleureux.<\/p>\n","protected":false},"author":35,"featured_media":113110,"comment_status":"open","ping_status":"closed","sticky":false,"template":"","format":"standard","meta":{"footnotes":""},"categories":[25],"tags":[],"class_list":["post-113108","post","type-post","status-publish","format-standard","has-post-thumbnail","hentry","category-conso","generate-columns","tablet-grid-50","mobile-grid-100","grid-parent","grid-33","no-featured-image-padding"],"_links":{"self":[{"href":"https:\/\/econostrum.info\/belgique\/wp-json\/wp\/v2\/posts\/113108","targetHints":{"allow":["GET"]}}],"collection":[{"href":"https:\/\/econostrum.info\/belgique\/wp-json\/wp\/v2\/posts"}],"about":[{"href":"https:\/\/econostrum.info\/belgique\/wp-json\/wp\/v2\/types\/post"}],"author":[{"embeddable":true,"href":"https:\/\/econostrum.info\/belgique\/wp-json\/wp\/v2\/users\/35"}],"replies":[{"embeddable":true,"href":"https:\/\/econostrum.info\/belgique\/wp-json\/wp\/v2\/comments?post=113108"}],"version-history":[{"count":1,"href":"https:\/\/econostrum.info\/belgique\/wp-json\/wp\/v2\/posts\/113108\/revisions"}],"predecessor-version":[{"id":113112,"href":"https:\/\/econostrum.info\/belgique\/wp-json\/wp\/v2\/posts\/113108\/revisions\/113112"}],"wp:featuredmedia":[{"embeddable":true,"href":"https:\/\/econostrum.info\/belgique\/wp-json\/wp\/v2\/media\/113110"}],"wp:attachment":[{"href":"https:\/\/econostrum.info\/belgique\/wp-json\/wp\/v2\/media?parent=113108"}],"wp:term":[{"taxonomy":"category","embeddable":true,"href":"https:\/\/econostrum.info\/belgique\/wp-json\/wp\/v2\/categories?post=113108"},{"taxonomy":"post_tag","embeddable":true,"href":"https:\/\/econostrum.info\/belgique\/wp-json\/wp\/v2\/tags?post=113108"}],"curies":[{"name":"wp","href":"https:\/\/api.w.org\/{rel}","templated":true}]}}