{"id":113098,"date":"2026-08-29T10:23:00","date_gmt":"2026-08-29T08:23:00","guid":{"rendered":"https:\/\/econostrum.info\/belgique\/?p=113098"},"modified":"2026-08-28T21:23:20","modified_gmt":"2026-08-28T19:23:20","slug":"inflation-les-belges-hausse-prix","status":"publish","type":"post","link":"https:\/\/econostrum.info\/belgique\/inflation-les-belges-hausse-prix\/","title":{"rendered":"Pr\u00e8s de 4 % d\u2019inflation : les Belges vont encore sentir la hausse des prix\u00a0"},"content":{"rendered":"\n<p>Les prix acc\u00e9l\u00e8rent \u00e0 nouveau en Belgique. Apr\u00e8s plusieurs mois de progression plus mod\u00e9r\u00e9e, l\u2019inflation a atteint 3,97 % en ao\u00fbt 2026, port\u00e9e principalement par la hausse des prix de l\u2019\u00e9nergie.&nbsp;<\/p>\n\n\n\n<p>Le gaz naturel, les carburants et l\u2019\u00e9lectricit\u00e9 figurent parmi les principaux facteurs de cette augmentation. Cette \u00e9volution pourrait peser davantage sur le budget des m\u00e9nages dans les prochains mois.<\/p>\n\n\n\n<h2 class=\"wp-block-heading\"><strong>Le gaz et l\u2019\u00e9nergie tirent les prix vers le haut<\/strong><\/h2>\n\n\n\n<p>L\u2019inflation belge s\u2019est \u00e9tablie \u00e0 3,97 % en ao\u00fbt 2026, contre 3,56 % en juillet et 3,40 % en juin, indique Statbel, l\u2019office belge de statistique dans son dernier <a href=\"https:\/\/statbel.fgov.be\/fr\/themes\/prix-la-consommation\/indice-des-prix-la-consommation\" target=\"_blank\" rel=\"noopener\">rapport<\/a>.<\/p>\n\n\n\n<p>Cette acc\u00e9l\u00e9ration s\u2019explique principalement par plusieurs hausses enregistr\u00e9es dans les d\u00e9penses courantes des m\u00e9nages. Le gaz naturel arrive en t\u00eate des facteurs qui ont contribu\u00e9 \u00e0 la progression des prix, suivi par les carburants, les v\u00eatements, l\u2019\u00e9lectricit\u00e9 et le gasoil de chauffage.<\/p>\n\n\n\n<p>\u00c0 l\u2019inverse, certains postes ont contribu\u00e9 \u00e0 limiter la hausse globale. Les billets d\u2019avion, les appareils m\u00e9nagers et les voyages organis\u00e9s ont notamment enregistr\u00e9 une \u00e9volution moins favorable des prix, avec un effet baissier sur l\u2019indice.<\/p>\n\n\n\n<p>L\u2019indice des prix \u00e0 la consommation a progress\u00e9 de 0,41 point en ao\u00fbt, soit une augmentation de 0,40 % sur un mois. Il atteint d\u00e9sormais 104,01 points, contre 103,60 points en juillet (base 100 en 2025).<\/p>\n\n\n\n<h2 class=\"wp-block-heading\"><strong>L\u2019inflation sous-jacente ralentit l\u00e9g\u00e8rement<\/strong><\/h2>\n\n\n\n<p>Si l\u2019inflation globale repart \u00e0 la hausse, certains indicateurs montrent une \u00e9volution diff\u00e9rente.<\/p>\n\n\n\n<p>L\u2019inflation sous-jacente, qui exclut les prix de l\u2019\u00e9nergie ainsi que ceux des produits alimentaires non transform\u00e9s, a l\u00e9g\u00e8rement diminu\u00e9. Elle s\u2019\u00e9tablit \u00e0 2,99 % en ao\u00fbt, contre 3,13 % en juillet.<\/p>\n\n\n\n<p>Cette \u00e9volution montre que la pression sur les prix hors \u00e9nergie tend \u00e0 se calmer quelque peu, m\u00eame si certains produits et services continuent d\u2019augmenter.<\/p>\n\n\n\n<p>L\u2019indice sant\u00e9 suit \u00e9galement une progression. Il passe de 3,22 % en juillet \u00e0 3,44 % en ao\u00fbt, tandis que l\u2019indice sant\u00e9 liss\u00e9 atteint 100,94 points.<\/p>\n\n\n\n<h2 class=\"wp-block-heading\"><strong>Le prochain indice pivot reste sous surveillance<\/strong><\/h2>\n\n\n\n<p>La progression des prix est \u00e9galement suivie de pr\u00e8s pour ses cons\u00e9quences sur les salaires, les allocations et certains revenus index\u00e9s.<\/p>\n\n\n\n<p>Le prochain indice pivot utilis\u00e9 pour l\u2019adaptation des <a href=\"https:\/\/econostrum.info\/belgique\/500-000-travailleurs-belgique-salaire\/\" data-type=\"post\" data-id=\"113080\">r\u00e9mun\u00e9rations <\/a>dans la fonction publique et des allocations sociales est fix\u00e9 \u00e0 102,29 points.<\/p>\n\n\n\n<p>Une nouvelle hausse importante de l\u2019indice pourrait donc avoir des cons\u00e9quences sur plusieurs m\u00e9canismes d\u2019indexation automatique en Belgique.<\/p>\n\n\n\n<p>Alors que l\u2019inflation reste largement influenc\u00e9e par les march\u00e9s de l\u2019\u00e9nergie, l\u2019\u00e9volution des prochains mois sera particuli\u00e8rement observ\u00e9e par les m\u00e9nages comme par les entreprises.<\/p>\n\n\n\n<p>La progression enregistr\u00e9e en ao\u00fbt rappelle que, malgr\u00e9 le ralentissement de certaines composantes de l\u2019inflation, la pression sur les prix n\u2019a pas totalement disparu. Statbel souligne dans ses derni\u00e8res donn\u00e9es que <a href=\"https:\/\/econostrum.info\/belgique\/bruxelles-2025-nouvelles-regles\/\" data-type=\"post\" data-id=\"100193\">l\u2019\u00e9nergie <\/a>reste l\u2019un des principaux moteurs de cette nouvelle acc\u00e9l\u00e9ration.<\/p>\n\n\n\n<figure class=\"wp-block-embed is-type-rich is-provider-x wp-block-embed-x\"><div class=\"wp-block-embed__wrapper\">\n<blockquote class=\"twitter-tweet\" data-width=\"550\" data-dnt=\"true\"><p lang=\"fr\" dir=\"ltr\">L\u2019inflation grimpe \u00e0 pr\u00e8s de 4 % en ao\u00fbt : plusieurs hausses de prix en sont \u00e0 l\u2019origine <a href=\"https:\/\/t.co\/3eewuDLWJH\">https:\/\/t.co\/3eewuDLWJH<\/a><\/p>&mdash; RTL info (@rtlinfo) <a href=\"https:\/\/x.com\/rtlinfo\/status\/2093289497211306438?ref_src=twsrc%5Etfw\">August 28, 2026<\/a><\/blockquote><script async src=\"https:\/\/platform.x.com\/widgets.js\" charset=\"utf-8\"><\/script>\n<\/div><\/figure>\n","protected":false},"excerpt":{"rendered":"<p>L\u2019inflation repart \u00e0 la hausse en Belgique et fr\u00f4le d\u00e9sormais les 4 %. La flamb\u00e9e des prix de l\u2019\u00e9nergie et des carburants explique principalement cette nouvelle acc\u00e9l\u00e9ration observ\u00e9e en ao\u00fbt.<\/p>\n","protected":false},"author":35,"featured_media":113100,"comment_status":"open","ping_status":"closed","sticky":false,"template":"","format":"standard","meta":{"footnotes":""},"categories":[1],"tags":[],"class_list":["post-113098","post","type-post","status-publish","format-standard","has-post-thumbnail","hentry","category-economie","generate-columns","tablet-grid-50","mobile-grid-100","grid-parent","grid-33","no-featured-image-padding"],"_links":{"self":[{"href":"https:\/\/econostrum.info\/belgique\/wp-json\/wp\/v2\/posts\/113098","targetHints":{"allow":["GET"]}}],"collection":[{"href":"https:\/\/econostrum.info\/belgique\/wp-json\/wp\/v2\/posts"}],"about":[{"href":"https:\/\/econostrum.info\/belgique\/wp-json\/wp\/v2\/types\/post"}],"author":[{"embeddable":true,"href":"https:\/\/econostrum.info\/belgique\/wp-json\/wp\/v2\/users\/35"}],"replies":[{"embeddable":true,"href":"https:\/\/econostrum.info\/belgique\/wp-json\/wp\/v2\/comments?post=113098"}],"version-history":[{"count":1,"href":"https:\/\/econostrum.info\/belgique\/wp-json\/wp\/v2\/posts\/113098\/revisions"}],"predecessor-version":[{"id":113101,"href":"https:\/\/econostrum.info\/belgique\/wp-json\/wp\/v2\/posts\/113098\/revisions\/113101"}],"wp:featuredmedia":[{"embeddable":true,"href":"https:\/\/econostrum.info\/belgique\/wp-json\/wp\/v2\/media\/113100"}],"wp:attachment":[{"href":"https:\/\/econostrum.info\/belgique\/wp-json\/wp\/v2\/media?parent=113098"}],"wp:term":[{"taxonomy":"category","embeddable":true,"href":"https:\/\/econostrum.info\/belgique\/wp-json\/wp\/v2\/categories?post=113098"},{"taxonomy":"post_tag","embeddable":true,"href":"https:\/\/econostrum.info\/belgique\/wp-json\/wp\/v2\/tags?post=113098"}],"curies":[{"name":"wp","href":"https:\/\/api.w.org\/{rel}","templated":true}]}}