{"id":113072,"date":"2026-08-28T10:58:00","date_gmt":"2026-08-28T08:58:00","guid":{"rendered":"https:\/\/econostrum.info\/belgique\/?p=113072"},"modified":"2026-08-27T21:58:54","modified_gmt":"2026-08-27T19:58:54","slug":"wallonie-pret-coup-pouce-avantage-fiscal","status":"publish","type":"post","link":"https:\/\/econostrum.info\/belgique\/wallonie-pret-coup-pouce-avantage-fiscal\/","title":{"rendered":"La Wallonie prolonge son pr\u00eat Coup de pouce mais r\u00e9duit l\u2019avantage fiscal\u00a0"},"content":{"rendered":"\n<p>Le pr\u00eat Coup de pouce va continuer d\u2019aider les ind\u00e9pendants et les PME wallonnes \u00e0 trouver des financements. Le gouvernement wallon a d\u00e9cid\u00e9 de prolonger ce dispositif, tout en r\u00e9duisant certains avantages fiscaux afin de mieux encadrer son co\u00fbt pour les finances publiques.&nbsp;<\/p>\n\n\n\n<p>Les nouvelles r\u00e8gles modifient notamment le montant pouvant \u00eatre pr\u00eat\u00e9 et le cr\u00e9dit d\u2019imp\u00f4t accord\u00e9 aux particuliers. Depuis sa cr\u00e9ation en 2016, le m\u00e9canisme a d\u00e9j\u00e0 permis de mobiliser plus de 111 millions d\u2019euros.<\/p>\n\n\n\n<h2 class=\"wp-block-heading\"><strong>Un dispositif prolong\u00e9 pour soutenir les entrepreneurs wallons<\/strong><\/h2>\n\n\n\n<p>Cr\u00e9\u00e9 pour encourager les particuliers \u00e0 investir leur \u00e9pargne dans les entreprises locales, le pr\u00eat Coup de pouce permet \u00e0 des ind\u00e9pendants et des petites et moyennes entreprises wallonnes d\u2019obtenir un financement directement aupr\u00e8s de proches ou d\u2019investisseurs priv\u00e9s.<\/p>\n\n\n\n<p>Le principe reste inchang\u00e9. Un particulier pr\u00eate de l\u2019argent \u00e0 une entreprise et b\u00e9n\u00e9ficie en retour d\u2019un avantage fiscal sous la forme d\u2019un cr\u00e9dit d\u2019imp\u00f4t.<\/p>\n\n\n\n<p>Le gouvernement wallon a toutefois d\u00e9cid\u00e9 d\u2019adapter le dispositif afin de limiter certains effets d\u2019aubaine et de maintenir un meilleur \u00e9quilibre entre le soutien apport\u00e9 aux entreprises et le co\u00fbt pour les finances publiques.<\/p>\n\n\n\n<p>Le ministre wallon de l\u2019\u00c9conomie, Pierre-Yves Jeholet (MR), a annonc\u00e9 cette prolongation accompagn\u00e9e d\u2019une r\u00e9forme des conditions d\u2019acc\u00e8s, comme le note<a href=\"https:\/\/www.lesoir.be\/767490\/article\/2026-08-27\/le-pret-coup-de-pouce-prolonge-mais-reforme\" target=\"_blank\" rel=\"noopener\"> Le Soir<\/a>.<\/p>\n\n\n\n<h2 class=\"wp-block-heading\"><strong>Un cr\u00e9dit d\u2019imp\u00f4t revu \u00e0 la baisse<\/strong><\/h2>\n\n\n\n<p>La principale modification concerne l\u2019avantage fiscal accord\u00e9 aux pr\u00eateurs. Jusqu\u2019ici, le cr\u00e9dit d\u2019imp\u00f4t s\u2019\u00e9levait \u00e0 4 % pendant les quatre premi\u00e8res ann\u00e9es du pr\u00eat, avant de passer \u00e0 2,5 % pour les ann\u00e9es suivantes. Avec la nouvelle formule, il sera fix\u00e9 directement \u00e0 2,5 % pendant toute la dur\u00e9e du pr\u00eat.<\/p>\n\n\n\n<p>Le montant maximum qu\u2019un particulier peut pr\u00eater \u00e0 une entreprise est \u00e9galement r\u00e9duit. Il passe de 125.000 euros \u00e0 75.000 euros.<\/p>\n\n\n\n<p>\u00c0 l\u2019inverse, les entrepreneurs pourront d\u00e9sormais emprunter davantage. Le plafond du montant accessible pour un emprunteur augmente de 250.000 euros \u00e0 300.000 euros.<\/p>\n\n\n\n<p>L\u2019objectif affich\u00e9 par le gouvernement est de concentrer davantage l\u2019aide sur les besoins r\u00e9els de financement des PME et d\u2019\u00e9viter que le dispositif soit utilis\u00e9 principalement pour profiter de l\u2019avantage fiscal.<\/p>\n\n\n\n<h2 class=\"wp-block-heading\"><strong>Plus de 111 millions d\u2019euros mobilis\u00e9s depuis 2016<\/strong><\/h2>\n\n\n\n<p>Depuis son lancement, le pr\u00eat Coup de pouce a rencontr\u00e9 un certain succ\u00e8s aupr\u00e8s des entrepreneurs wallons.<\/p>\n\n\n\n<p>Le dispositif a permis d\u2019accorder 9.664 pr\u00eats pour un montant total de 111 millions d\u2019euros. Au total, 6.265 pr\u00eateurs ont particip\u00e9 au financement de 2.506 ind\u00e9pendants et PME.<\/p>\n\n\n\n<p>Ces chiffres montrent que le m\u00e9canisme est devenu un outil compl\u00e9mentaire aux solutions de financement classiques, notamment pour les petites entreprises qui rencontrent parfois davantage de difficult\u00e9s \u00e0 obtenir un<a href=\"https:\/\/econostrum.info\/belgique\/ing-belgique-propose-quatre-packs\/\" data-type=\"post\" data-id=\"111707\"> cr\u00e9dit bancaire<\/a>.<\/p>\n\n\n\n<p>Avec cette prolongation et ces nouvelles conditions, la Wallonie souhaite donc conserver un levier de soutien \u00e0 l\u2019entrepreneuriat tout en ma\u00eetrisant davantage la d\u00e9pense publique.<\/p>\n\n\n\n<p>Le pr\u00eat Coup de pouce poursuit ainsi sa mission initiale. Rapprocher l\u2019<a href=\"https:\/\/econostrum.info\/belgique\/pension-legale-belgique-inferieure-ocde\/\" data-type=\"post\" data-id=\"101705\">\u00e9pargne priv\u00e9e<\/a> des besoins de financement des entreprises locales, mais avec un cadre fiscal d\u00e9sormais moins g\u00e9n\u00e9reux pour les investisseurs particuliers.<\/p>\n\n\n\n<figure class=\"wp-block-embed is-type-rich is-provider-x wp-block-embed-x\"><div class=\"wp-block-embed__wrapper\">\n<blockquote class=\"twitter-tweet\" data-width=\"550\" data-dnt=\"true\"><p lang=\"fr\" dir=\"ltr\">R\u00e9forme des primes: le deal secret \u00e0 7 millions d\u2019euros de la Wallonie pour \u00e9teindre les recours (info Le Vif) <a href=\"https:\/\/t.co\/fJs1tfRgtM\">https:\/\/t.co\/fJs1tfRgtM<\/a><\/p>&mdash; Le Vif (@LeVif) <a href=\"https:\/\/x.com\/LeVif\/status\/2092269430940061696?ref_src=twsrc%5Etfw\">August 25, 2026<\/a><\/blockquote><script async src=\"https:\/\/platform.x.com\/widgets.js\" charset=\"utf-8\"><\/script>\n<\/div><\/figure>\n","protected":false},"excerpt":{"rendered":"<p>Le pr\u00eat Coup de pouce est prolong\u00e9 en Wallonie, mais il change de visage. Le gouvernement revoit les avantages fiscaux et les plafonds afin de mieux cibler son soutien aux ind\u00e9pendants et aux PME.<\/p>\n","protected":false},"author":35,"featured_media":113073,"comment_status":"open","ping_status":"closed","sticky":false,"template":"","format":"standard","meta":{"footnotes":""},"categories":[15],"tags":[],"class_list":["post-113072","post","type-post","status-publish","format-standard","has-post-thumbnail","hentry","category-entreprise","generate-columns","tablet-grid-50","mobile-grid-100","grid-parent","grid-33","no-featured-image-padding"],"_links":{"self":[{"href":"https:\/\/econostrum.info\/belgique\/wp-json\/wp\/v2\/posts\/113072","targetHints":{"allow":["GET"]}}],"collection":[{"href":"https:\/\/econostrum.info\/belgique\/wp-json\/wp\/v2\/posts"}],"about":[{"href":"https:\/\/econostrum.info\/belgique\/wp-json\/wp\/v2\/types\/post"}],"author":[{"embeddable":true,"href":"https:\/\/econostrum.info\/belgique\/wp-json\/wp\/v2\/users\/35"}],"replies":[{"embeddable":true,"href":"https:\/\/econostrum.info\/belgique\/wp-json\/wp\/v2\/comments?post=113072"}],"version-history":[{"count":1,"href":"https:\/\/econostrum.info\/belgique\/wp-json\/wp\/v2\/posts\/113072\/revisions"}],"predecessor-version":[{"id":113075,"href":"https:\/\/econostrum.info\/belgique\/wp-json\/wp\/v2\/posts\/113072\/revisions\/113075"}],"wp:featuredmedia":[{"embeddable":true,"href":"https:\/\/econostrum.info\/belgique\/wp-json\/wp\/v2\/media\/113073"}],"wp:attachment":[{"href":"https:\/\/econostrum.info\/belgique\/wp-json\/wp\/v2\/media?parent=113072"}],"wp:term":[{"taxonomy":"category","embeddable":true,"href":"https:\/\/econostrum.info\/belgique\/wp-json\/wp\/v2\/categories?post=113072"},{"taxonomy":"post_tag","embeddable":true,"href":"https:\/\/econostrum.info\/belgique\/wp-json\/wp\/v2\/tags?post=113072"}],"curies":[{"name":"wp","href":"https:\/\/api.w.org\/{rel}","templated":true}]}}