{"id":113068,"date":"2026-08-28T07:43:00","date_gmt":"2026-08-28T05:43:00","guid":{"rendered":"https:\/\/econostrum.info\/belgique\/?p=113068"},"modified":"2026-08-27T21:43:38","modified_gmt":"2026-08-27T19:43:38","slug":"reforme-du-chomage-belges-allocations-an","status":"publish","type":"post","link":"https:\/\/econostrum.info\/belgique\/reforme-du-chomage-belges-allocations-an\/","title":{"rendered":"La r\u00e9forme du ch\u00f4mage fait sortir 131.000 Belges du syst\u00e8me d\u2019allocations en un an"},"content":{"rendered":"\n<p>Le nombre de ch\u00f4meurs complets indemnis\u00e9s a fortement diminu\u00e9 en Belgique en juillet 2026. Selon les derniers chiffres de l\u2019Office national de l\u2019Emploi (Onem), le recul atteint 42,8 % en comparaison avec juillet 2025.&nbsp;<\/p>\n\n\n\n<p>Cette baisse spectaculaire intervient quelques mois apr\u00e8s l\u2019entr\u00e9e en vigueur de la r\u00e9forme du ch\u00f4mage, qui a entra\u00een\u00e9 les premi\u00e8res fins de droits d\u00e8s janvier. Derri\u00e8re ces chiffres se cache donc un changement profond dans le paysage des allocations de ch\u00f4mage.<\/p>\n\n\n\n<h2 class=\"wp-block-heading\"><strong>Plus de 119.000 ch\u00f4meurs indemnis\u00e9s en moins en un an<\/strong><\/h2>\n\n\n\n<p>En juillet 2026, 159.105 ch\u00f4meurs complets indemnis\u00e9s demandeurs d\u2019emploi ont b\u00e9n\u00e9fici\u00e9 d\u2019une allocation en Belgique. C\u2019est 119.132 personnes de moins qu\u2019au m\u00eame mois en 2025.<\/p>\n\n\n\n<p>Cette diminution est principalement li\u00e9e aux nouvelles r\u00e8gles issues de la r\u00e9forme du ch\u00f4mage. Depuis janvier 2026, les premiers b\u00e9n\u00e9ficiaires arriv\u00e9s au terme de leurs droits ont commenc\u00e9 \u00e0 sortir du syst\u00e8me d\u2019indemnisation.<\/p>\n\n\n\n<p>Au total, 131.104 personnes ont d\u00e9j\u00e0 atteint la fin de leur droit depuis le d\u00e9but de l\u2019ann\u00e9e. Parmi elles, 11.994 b\u00e9n\u00e9ficiaient d\u2019une allocation d\u2019insertion et 119.110 percevaient une allocation de ch\u00f4mage.<\/p>\n\n\n\n<p>La r\u00e9partition g\u00e9ographique de ces fins de droit montre une forte concentration en Wallonie. La r\u00e9gion repr\u00e9sente 48,1 % des personnes concern\u00e9es. La Flandre et Bruxelles affichent des proportions plus proches, avec respectivement 26,5 % et 25,4 %.<\/p>\n\n\n\n<p>Les hommes sont majoritaires parmi les personnes arriv\u00e9es en fin de droit, avec 56,3 % des cas. Les personnes \u00e2g\u00e9es de 25 \u00e0 49 ans repr\u00e9sentent \u00e9galement la cat\u00e9gorie la plus touch\u00e9e, avec 56,9 % du total. Les moins de 25 ans comptent pour 5,2 %, tandis que les plus de 50 ans repr\u00e9sentent 38 %.<\/p>\n\n\n\n<h2 class=\"wp-block-heading\"><strong>Une baisse marqu\u00e9e dans les trois R\u00e9gions<\/strong><\/h2>\n\n\n\n<p>La diminution du nombre de ch\u00f4meurs indemnis\u00e9s concerne l\u2019ensemble du pays, mais avec des \u00e9carts importants selon les R\u00e9gions.<\/p>\n\n\n\n<p>En Flandre, le nombre de ch\u00f4meurs complets a recul\u00e9 de 29,9 % sur un an en juillet, soit une baisse de 29.937 personnes. La R\u00e9gion flamande comptait encore 70.228 ch\u00f4meurs complets indemnis\u00e9s le mois dernier.<\/p>\n\n\n\n<p>En Wallonie, la chute est beaucoup plus importante. Le nombre de b\u00e9n\u00e9ficiaires a diminu\u00e9 de 47,7 %, soit 55.970 personnes en moins par rapport \u00e0 juillet 2025. La r\u00e9gion comptait 61.335 ch\u00f4meurs complets indemnis\u00e9s.<\/p>\n\n\n\n<p>Bruxelles enregistre la plus forte diminution proportionnelle, avec un recul de 54,7 %, correspondant \u00e0 33.225 personnes en moins. La capitale comptait encore 27.542 b\u00e9n\u00e9ficiaires d\u2019allocations de ch\u00f4mage complet en juillet.<\/p>\n\n\n\n<p>Ces diff\u00e9rences s\u2019expliquent notamment par la structure du ch\u00f4mage dans chaque R\u00e9gion et par la proportion de personnes concern\u00e9es par les nouvelles limites de dur\u00e9e des allocations.<\/p>\n\n\n\n<h2 class=\"wp-block-heading\"><strong>Une r\u00e9forme qui transforme les statistiques du ch\u00f4mage<\/strong><\/h2>\n\n\n\n<p>Les <a href=\"https:\/\/www.onem.be\/statistiques\/reforme-de-la-reglementation-du-chomage-chiffres\" target=\"_blank\" rel=\"noopener\">chiffres publi\u00e9s par l\u2019Onem<\/a> traduisent donc moins une disparition massive du ch\u00f4mage qu\u2019une modification du nombre de personnes b\u00e9n\u00e9ficiant encore d\u2019une indemnisation.<\/p>\n\n\n\n<p>L\u2019arriv\u00e9e des premi\u00e8res fins de droits en 2026 constitue l\u2019un des effets majeurs de la<a href=\"https:\/\/econostrum.info\/belgique\/reforme-du-chomage-premieres-consequences\/\" data-type=\"post\" data-id=\"111906\"> r\u00e9forme du ch\u00f4mage.<\/a> Les personnes qui ne remplissent plus les conditions pour percevoir une allocation sortent m\u00e9caniquement des statistiques du ch\u00f4mage indemnis\u00e9.<\/p>\n\n\n\n<p>Cette \u00e9volution sera particuli\u00e8rement suivie dans les prochains mois, alors que les R\u00e9gions et les services d\u2019accompagnement devront r\u00e9pondre aux besoins des personnes concern\u00e9es par cette nouvelle situation.<\/p>\n\n\n\n<p>La baisse de 42,8 % enregistr\u00e9e en juillet marque ainsi une rupture importante dans les statistiques belges du ch\u00f4mage. Elle illustre surtout l\u2019impact concret d\u2019une r\u00e9forme qui modifie profond\u00e9ment les r\u00e8gles d\u2019acc\u00e8s aux <a href=\"https:\/\/econostrum.info\/belgique\/allocations-chomage-reforme\/\" data-type=\"post\" data-id=\"111266\">allocations<\/a>.<\/p>\n\n\n\n<figure class=\"wp-block-embed is-type-rich is-provider-x wp-block-embed-x\"><div class=\"wp-block-embed__wrapper\">\n<blockquote class=\"twitter-tweet\" data-width=\"550\" data-dnt=\"true\"><p lang=\"fr\" dir=\"ltr\">Le ch\u00f4mage indemnis\u00e9 diminue de 42,8% en juillet, gr\u00e2ce \u00e0 la r\u00e9forme du ch\u00f4mage <a href=\"https:\/\/t.co\/BoApwT6wEx\">https:\/\/t.co\/BoApwT6wEx<\/a><\/p>&mdash; RTL info (@rtlinfo) <a href=\"https:\/\/x.com\/rtlinfo\/status\/2092970676403491140?ref_src=twsrc%5Etfw\">August 27, 2026<\/a><\/blockquote><script async src=\"https:\/\/platform.x.com\/widgets.js\" charset=\"utf-8\"><\/script>\n<\/div><\/figure>\n","protected":false},"excerpt":{"rendered":"<p>Les chiffres du ch\u00f4mage belge ont connu un bouleversement spectaculaire en juillet. Avec une chute de 42,8 % du nombre de b\u00e9n\u00e9ficiaires d\u2019allocations, la r\u00e9forme entr\u00e9e en vigueur en 2026 montre ses premiers effets concrets.<\/p>\n","protected":false},"author":35,"featured_media":113070,"comment_status":"open","ping_status":"closed","sticky":false,"template":"","format":"standard","meta":{"footnotes":""},"categories":[26],"tags":[],"class_list":["post-113068","post","type-post","status-publish","format-standard","has-post-thumbnail","hentry","category-emploi","generate-columns","tablet-grid-50","mobile-grid-100","grid-parent","grid-33","no-featured-image-padding"],"_links":{"self":[{"href":"https:\/\/econostrum.info\/belgique\/wp-json\/wp\/v2\/posts\/113068","targetHints":{"allow":["GET"]}}],"collection":[{"href":"https:\/\/econostrum.info\/belgique\/wp-json\/wp\/v2\/posts"}],"about":[{"href":"https:\/\/econostrum.info\/belgique\/wp-json\/wp\/v2\/types\/post"}],"author":[{"embeddable":true,"href":"https:\/\/econostrum.info\/belgique\/wp-json\/wp\/v2\/users\/35"}],"replies":[{"embeddable":true,"href":"https:\/\/econostrum.info\/belgique\/wp-json\/wp\/v2\/comments?post=113068"}],"version-history":[{"count":1,"href":"https:\/\/econostrum.info\/belgique\/wp-json\/wp\/v2\/posts\/113068\/revisions"}],"predecessor-version":[{"id":113071,"href":"https:\/\/econostrum.info\/belgique\/wp-json\/wp\/v2\/posts\/113068\/revisions\/113071"}],"wp:featuredmedia":[{"embeddable":true,"href":"https:\/\/econostrum.info\/belgique\/wp-json\/wp\/v2\/media\/113070"}],"wp:attachment":[{"href":"https:\/\/econostrum.info\/belgique\/wp-json\/wp\/v2\/media?parent=113068"}],"wp:term":[{"taxonomy":"category","embeddable":true,"href":"https:\/\/econostrum.info\/belgique\/wp-json\/wp\/v2\/categories?post=113068"},{"taxonomy":"post_tag","embeddable":true,"href":"https:\/\/econostrum.info\/belgique\/wp-json\/wp\/v2\/tags?post=113068"}],"curies":[{"name":"wp","href":"https:\/\/api.w.org\/{rel}","templated":true}]}}