{"id":113052,"date":"2026-09-01T15:28:00","date_gmt":"2026-09-01T13:28:00","guid":{"rendered":"https:\/\/econostrum.info\/belgique\/?p=113052"},"modified":"2026-08-31T22:28:59","modified_gmt":"2026-08-31T20:28:59","slug":"parents-agendas-vacances-scolaires","status":"publish","type":"post","link":"https:\/\/econostrum.info\/belgique\/parents-agendas-vacances-scolaires\/","title":{"rendered":"Parents, sortez vos agendas : voici toutes les vacances scolaires de 2026-2027"},"content":{"rendered":"\n<p>La rentr\u00e9e scolaire 2026-2027 vient \u00e0 peine de commencer que les prochaines vacances sont d\u00e9j\u00e0 dans toutes les t\u00eates. Pour les \u00e9l\u00e8ves et leurs parents, il faudra toutefois jongler avec des calendriers diff\u00e9rents selon la communaut\u00e9 linguistique. <\/p>\n\n\n\n<p>En F\u00e9d\u00e9ration Wallonie-Bruxelles comme en Flandre, les cong\u00e9s d\u2019automne, de carnaval et de printemps ne tomberont pas toujours aux m\u00eames dates. Voici les principales p\u00e9riodes \u00e0 noter pour organiser d\u00e8s maintenant les prochains week-ends prolong\u00e9s et escapades en famille.<\/p>\n\n\n\n<h2 class=\"wp-block-heading\">Vacances d&rsquo;automne : des dates diff\u00e9rentes selon les communaut\u00e9s<\/h2>\n\n\n\n<p>Selon le calendrier publi\u00e9 par <a href=\"https:\/\/www.lesoir.be\/767261\/article\/2026-08-26\/voici-quand-auront-lieu-les-premieres-vacances-scolaires\" target=\"_blank\" rel=\"noopener\">Le Soir<\/a>, les p\u00e9riodes de cong\u00e9s varient selon les deux communaut\u00e9s. Les vacances d&rsquo;automne, de carnaval et de printemps ne tombent pas aux m\u00eames dates en F\u00e9d\u00e9ration Wallonie-Bruxelles et en Flandre.<\/p>\n\n\n\n<p>Pour la Flandre, <a href=\"https:\/\/econostrum.info\/belgique\/vacances-abordables-conge-dautomne\/\" data-type=\"post\" data-id=\"5953\">les vacances d&rsquo;automne<\/a> auront lieu du lundi 2 novembre 2026 au dimanche 8 novembre 2026. Les dates diff\u00e8rent entre les deux communaut\u00e9s, avec un d\u00e9calage d&rsquo;environ deux semaines. Les vacances d&rsquo;hiver, en revanche, sont communes aux deux r\u00e9seaux : elles auront lieu du lundi 21 d\u00e9cembre 2026 au dimanche 3 janvier 2027.<\/p>\n\n\n\n<h2 class=\"wp-block-heading\">Vacances de carnaval et de printemps : des calendriers d\u00e9cal\u00e9s<\/h2>\n\n\n\n<p>Les vacances de d\u00e9tente, appel\u00e9es <a href=\"https:\/\/econostrum.info\/belgique\/pluie-vacances-de-carnaval-mauvais-temps\/\" data-type=\"post\" data-id=\"101736\">vacances de carnaval<\/a>, auront lieu du lundi 8 f\u00e9vrier 2027 au dimanche 14 f\u00e9vrier 2027 en Flandre. Pour la F\u00e9d\u00e9ration Wallonie-Bruxelles, elles se d\u00e9rouleront du lundi 22 f\u00e9vrier 2027 au dimanche 7 mars 2027. <\/p>\n\n\n\n<p>L\u00e0 encore, les deux communaut\u00e9s appliquent des dates diff\u00e9rentes, avec un \u00e9cart de deux semaines.<\/p>\n\n\n\n<p>Les vacances de printemps, ou vacances de P\u00e2ques, suivent le m\u00eame principe. En Flandre, elles auront lieu du lundi 29 mars 2027 au dimanche 11 avril 2027. En F\u00e9d\u00e9ration Wallonie-Bruxelles, elles se d\u00e9rouleront du lundi 26 avril 2027 au dimanche 9 mai 2027. Le lundi de P\u00e2ques sera c\u00e9l\u00e9br\u00e9 le 29 mars 2027.<\/p>\n\n\n\n<h2 class=\"wp-block-heading\">Jours f\u00e9ri\u00e9s et vacances d&rsquo;\u00e9t\u00e9<\/h2>\n\n\n\n<p>Plusieurs jours f\u00e9ri\u00e9s ponctuent <a href=\"https:\/\/econostrum.info\/belgique\/nouveau-calendrier-scolaire-annee\/\" data-type=\"post\" data-id=\"105291\">le calendrier scolaire 2026-2027<\/a>. Le jeudi de l&rsquo;Ascension aura lieu le jeudi 6 mai 2027. Le lundi de Pentec\u00f4te aura lieu le lundi 17 mai 2027. Ces deux jours f\u00e9ri\u00e9s offrent des ponts aux \u00e9l\u00e8ves et aux enseignants. <\/p>\n\n\n\n<p>Les grandes vacances auront lieu du samedi 3 juillet au dimanche 29 ao\u00fbt 2027 pour les \u00e9l\u00e8ves de la F\u00e9d\u00e9ration Wallonie-Bruxelles. En Flandre, elles auront lieu du 1er juillet au 31 ao\u00fbt 2027. <\/p>\n\n\n\n<p>Les dates de fin d&rsquo;ann\u00e9e scolaire diff\u00e8rent l\u00e9g\u00e8rement entre les deux communaut\u00e9s, avec un d\u00e9but des vacances d&rsquo;\u00e9t\u00e9 plus pr\u00e9coce en Flandre.<\/p>\n\n\n\n<figure class=\"wp-block-embed is-type-rich is-provider-x wp-block-embed-x\"><div class=\"wp-block-embed__wrapper\">\n<blockquote class=\"twitter-tweet\" data-width=\"550\" data-dnt=\"true\"><p lang=\"fr\" dir=\"ltr\">Jusqu\u2019\u00e0 75 jours de pause estivale : faut-il r\u00e9duire les vacances des parlementaires ? \u00ab Si on demande \u00e0 tout le monde de faire des efforts\u2026 \u00bb <a href=\"https:\/\/t.co\/JNmNJbWWO0\">https:\/\/t.co\/JNmNJbWWO0<\/a><\/p>&mdash; RTL info (@rtlinfo) <a href=\"https:\/\/x.com\/rtlinfo\/status\/2094513562328678552?ref_src=twsrc%5Etfw\">August 31, 2026<\/a><\/blockquote><script async src=\"https:\/\/platform.x.com\/widgets.js\" charset=\"utf-8\"><\/script>\n<\/div><\/figure>\n","protected":false},"excerpt":{"rendered":"<p>La rentr\u00e9e vient \u00e0 peine de commencer que certains pensent d\u00e9j\u00e0 aux prochaines vacances. Pour l\u2019ann\u00e9e scolaire 2026-2027, les dates des cong\u00e9s ne seront pas les m\u00eames partout en Belgique, avec des calendriers diff\u00e9rents selon les communaut\u00e9s.<\/p>\n","protected":false},"author":27,"featured_media":107450,"comment_status":"open","ping_status":"closed","sticky":false,"template":"","format":"standard","meta":{"footnotes":""},"categories":[1],"tags":[],"class_list":["post-113052","post","type-post","status-publish","format-standard","has-post-thumbnail","hentry","category-economie","generate-columns","tablet-grid-50","mobile-grid-100","grid-parent","grid-33","no-featured-image-padding"],"_links":{"self":[{"href":"https:\/\/econostrum.info\/belgique\/wp-json\/wp\/v2\/posts\/113052","targetHints":{"allow":["GET"]}}],"collection":[{"href":"https:\/\/econostrum.info\/belgique\/wp-json\/wp\/v2\/posts"}],"about":[{"href":"https:\/\/econostrum.info\/belgique\/wp-json\/wp\/v2\/types\/post"}],"author":[{"embeddable":true,"href":"https:\/\/econostrum.info\/belgique\/wp-json\/wp\/v2\/users\/27"}],"replies":[{"embeddable":true,"href":"https:\/\/econostrum.info\/belgique\/wp-json\/wp\/v2\/comments?post=113052"}],"version-history":[{"count":4,"href":"https:\/\/econostrum.info\/belgique\/wp-json\/wp\/v2\/posts\/113052\/revisions"}],"predecessor-version":[{"id":113161,"href":"https:\/\/econostrum.info\/belgique\/wp-json\/wp\/v2\/posts\/113052\/revisions\/113161"}],"wp:featuredmedia":[{"embeddable":true,"href":"https:\/\/econostrum.info\/belgique\/wp-json\/wp\/v2\/media\/107450"}],"wp:attachment":[{"href":"https:\/\/econostrum.info\/belgique\/wp-json\/wp\/v2\/media?parent=113052"}],"wp:term":[{"taxonomy":"category","embeddable":true,"href":"https:\/\/econostrum.info\/belgique\/wp-json\/wp\/v2\/categories?post=113052"},{"taxonomy":"post_tag","embeddable":true,"href":"https:\/\/econostrum.info\/belgique\/wp-json\/wp\/v2\/tags?post=113052"}],"curies":[{"name":"wp","href":"https:\/\/api.w.org\/{rel}","templated":true}]}}