{"id":104131,"date":"2025-05-30T09:42:00","date_gmt":"2025-05-30T07:42:00","guid":{"rendered":"https:\/\/econostrum.info\/belgique\/?p=104131"},"modified":"2025-05-30T01:02:09","modified_gmt":"2025-05-29T23:02:09","slug":"vitesse-maximale-autoroutes-100-km","status":"publish","type":"post","link":"https:\/\/econostrum.info\/belgique\/vitesse-maximale-autoroutes-100-km\/","title":{"rendered":"R\u00e9duire la vitesse maximale sur les autoroutes de 120 \u00e0 100 km\/h, c&rsquo;est pour bient\u00f4t en Belgique ?"},"content":{"rendered":"\n<p>La ministre flamande du Climat, Melissa Depraetere, a propos\u00e9 de r\u00e9duire la vitesse maximale autoris\u00e9e sur les autoroutes belges de 120 \u00e0 100 km\/h. Cette suggestion vise \u00e0 am\u00e9liorer la s\u00e9curit\u00e9 routi\u00e8re et \u00e0 r\u00e9duire les \u00e9missions polluantes, en s&rsquo;inspirant de l&rsquo;exemple n\u00e9erlandais.&nbsp;<\/p>\n\n\n\n<p>Elle s\u2019inscrit dans le cadre d\u2019une s\u00e9rie de mesures climatiques que le gouvernement flamand doit pr\u00e9senter prochainement. Si cette proposition suscite d\u00e9j\u00e0 des r\u00e9actions, elle soul\u00e8ve aussi des questions de comp\u00e9tence politique et d\u2019efficacit\u00e9 environnementale.<\/p>\n\n\n\n<h2 class=\"wp-block-heading\"><strong>Une inspiration venue des Pays-Bas et un objectif environnemental<\/strong><\/h2>\n\n\n\n<p>Melissa Depraetere, ministre flamande du Climat, s\u2019est exprim\u00e9e cette semaine dans le podcast <a href=\"https:\/\/www.hln.be\/podcasts\/het-rapport-van-de-wetstraat-107524?referrer=https%3A%2F%2Fwww.google.com%2F\" target=\"_blank\" rel=\"noopener\"><em>Het Rapport van de Wetstraat<\/em> <\/a>du m\u00e9dia n\u00e9erlandophone <em>Het Laatste Nieuws<\/em> pour plaider en faveur d\u2019une limitation de vitesse \u00e0 100 km\/h sur les autoroutes. Cette mesure serait appliqu\u00e9e selon un mod\u00e8le d\u00e9j\u00e0 en vigueur aux Pays-Bas, o\u00f9 la r\u00e9duction s\u2019applique entre 6h et 19h, avec un retour aux 120 ou 130 km\/h pendant la nuit, en fonction des conditions de circulation.<\/p>\n\n\n\n<p>Aux Pays-Bas, cette politique a \u00e9t\u00e9 mise en place en 2019 \u00e0 la suite d\u2019un arr\u00eat du Conseil d\u2019\u00c9tat qui a impos\u00e9 une r\u00e9duction des \u00e9missions d\u2019azote. En Belgique, la proposition flamande s\u2019inscrit dans un contexte de pression croissante sur la Flandre, qui peine \u00e0 atteindre ses objectifs climatiques. Selon les premi\u00e8res estimations \u00e9voqu\u00e9es par Depraetere, une r\u00e9duction de la vitesse maximale permettrait de diminuer la consommation de carburant de 20 \u00e0 30 %. Cette \u00e9conomie serait directement li\u00e9e \u00e0 la baisse des \u00e9missions de CO2, un enjeu central de la transition \u00e9nerg\u00e9tique.<\/p>\n\n\n\n<p>L\u2019objectif est \u00e9galement de r\u00e9pondre aux attentes de la Commission europ\u00e9enne, qui exhorte les \u00c9tats membres \u00e0 acc\u00e9l\u00e9rer leurs efforts de d\u00e9carbonation. Pour la ministre, cette mesure aurait donc une double utilit\u00e9 : climatique et s\u00e9curitaire. Elle rejoint ainsi des propositions d\u00e9j\u00e0 formul\u00e9es par l\u2019institut de s\u00e9curit\u00e9 routi\u00e8re Vias et par le parti \u00e9cologiste Groen. Tous deux ont par le pass\u00e9 d\u00e9fendu une baisse des vitesses maximales comme outil de r\u00e9duction des accidents graves et des \u00e9missions.<\/p>\n\n\n\n<h2 class=\"wp-block-heading\"><strong>Une mesure symbolique, mais politiquement d\u00e9licate<\/strong><\/h2>\n\n\n\n<p>Malgr\u00e9 son ambition, la proposition de Melissa Depraetere se heurte \u00e0 plusieurs obstacles. D\u2019abord, la comp\u00e9tence en mati\u00e8re de <a href=\"https:\/\/econostrum.info\/belgique\/radars-grand-dexces-vitesse\/\" data-type=\"post\" data-id=\"3751\">limitation de vitesse <\/a>sur les routes ne rel\u00e8ve pas de son minist\u00e8re. Elle appartient \u00e0 Annick De Ridder (N-VA), ministre flamande de la Mobilit\u00e9. La mise en \u0153uvre d\u2019une telle mesure n\u00e9cessiterait donc un accord politique \u00e9largi au sein du gouvernement flamand, voire au niveau f\u00e9d\u00e9ral si une application nationale devait \u00eatre envisag\u00e9e.<\/p>\n\n\n\n<p>Le d\u00e9bat est d\u2019autant plus sensible qu\u2019il intervient dans un contexte de tensions politiques en Flandre, notamment entre Vooruit et la N-VA. Le parti nationaliste, historiquement sceptique face \u00e0 certaines mesures environnementales per\u00e7ues comme contraignantes, pourrait se montrer r\u00e9ticent \u00e0 valider une proposition per\u00e7ue comme impopulaire aupr\u00e8s d\u2019une partie des automobilistes. L\u2019argument de la s\u00e9curit\u00e9 routi\u00e8re, bien que d\u00e9fendu par des experts, ne suffit pas toujours \u00e0 emporter l\u2019adh\u00e9sion lorsque les habitudes de mobilit\u00e9 sont en jeu.<\/p>\n\n\n\n<p>La ministre Depraetere ne pr\u00e9cise pas encore si elle entend proposer cette mesure uniquement pour la Flandre ou si elle vise une concertation plus large. Dans tous les cas, elle compte inscrire cette initiative dans le futur plan climatique qui doit \u00eatre pr\u00e9sent\u00e9 d\u2019ici l\u2019\u00e9t\u00e9 par le gouvernement flamand. Ce plan devra int\u00e9grer des actions plus ambitieuses pour r\u00e9duire les \u00e9missions de CO2, la Flandre \u00e9tant actuellement en retard sur ses objectifs de r\u00e9duction.<\/p>\n\n\n\n<p>Ce d\u00e9bat sur la vitesse maximale sur <a href=\"https:\/\/econostrum.info\/belgique\/vignette-payer-autoroutes-wallonnes\/\" data-type=\"post\" data-id=\"4892\">autoroute<\/a> illustre les tensions entre imp\u00e9ratifs \u00e9cologiques et r\u00e9alit\u00e9s politiques. La proposition flamande s&rsquo;inspire de mod\u00e8les existants mais reste tributaire de compromis internes et d\u2019une adh\u00e9sion plus large des usagers.<\/p>\n","protected":false},"excerpt":{"rendered":"<p>La Flandre envisage de limiter la vitesse sur autoroute \u00e0 100 km\/h pour r\u00e9duire les \u00e9missions de CO2, mais la mesure reste politiquement incertaine.<\/p>\n","protected":false},"author":35,"featured_media":104133,"comment_status":"open","ping_status":"closed","sticky":false,"template":"","format":"standard","meta":{"footnotes":""},"categories":[1],"tags":[],"class_list":["post-104131","post","type-post","status-publish","format-standard","has-post-thumbnail","hentry","category-economie","generate-columns","tablet-grid-50","mobile-grid-100","grid-parent","grid-33","no-featured-image-padding"],"_links":{"self":[{"href":"https:\/\/econostrum.info\/belgique\/wp-json\/wp\/v2\/posts\/104131","targetHints":{"allow":["GET"]}}],"collection":[{"href":"https:\/\/econostrum.info\/belgique\/wp-json\/wp\/v2\/posts"}],"about":[{"href":"https:\/\/econostrum.info\/belgique\/wp-json\/wp\/v2\/types\/post"}],"author":[{"embeddable":true,"href":"https:\/\/econostrum.info\/belgique\/wp-json\/wp\/v2\/users\/35"}],"replies":[{"embeddable":true,"href":"https:\/\/econostrum.info\/belgique\/wp-json\/wp\/v2\/comments?post=104131"}],"version-history":[{"count":1,"href":"https:\/\/econostrum.info\/belgique\/wp-json\/wp\/v2\/posts\/104131\/revisions"}],"predecessor-version":[{"id":104134,"href":"https:\/\/econostrum.info\/belgique\/wp-json\/wp\/v2\/posts\/104131\/revisions\/104134"}],"wp:featuredmedia":[{"embeddable":true,"href":"https:\/\/econostrum.info\/belgique\/wp-json\/wp\/v2\/media\/104133"}],"wp:attachment":[{"href":"https:\/\/econostrum.info\/belgique\/wp-json\/wp\/v2\/media?parent=104131"}],"wp:term":[{"taxonomy":"category","embeddable":true,"href":"https:\/\/econostrum.info\/belgique\/wp-json\/wp\/v2\/categories?post=104131"},{"taxonomy":"post_tag","embeddable":true,"href":"https:\/\/econostrum.info\/belgique\/wp-json\/wp\/v2\/tags?post=104131"}],"curies":[{"name":"wp","href":"https:\/\/api.w.org\/{rel}","templated":true}]}}