{"id":101736,"date":"2025-02-24T16:17:02","date_gmt":"2025-02-24T15:17:02","guid":{"rendered":"https:\/\/econostrum.info\/belgique\/?p=101736"},"modified":"2025-02-24T16:17:04","modified_gmt":"2025-02-24T15:17:04","slug":"pluie-vacances-de-carnaval-mauvais-temps","status":"publish","type":"post","link":"https:\/\/econostrum.info\/belgique\/pluie-vacances-de-carnaval-mauvais-temps\/","title":{"rendered":"Pluie et rafales, les vacances de Carnaval d\u00e9butent sous le signe du mauvais temps"},"content":{"rendered":"\n<p>Les<strong> vacances de carnaval<\/strong> d\u00e9butent sous un temps maussade en Belgique. Pluies soutenues, rafales et temp\u00e9ratures douces marquent cette premi\u00e8re semaine.\u00a0<\/p>\n\n\n\n<p>Avec des maxima atteignant 13\u00b0C et des vents soufflant jusqu\u2019\u00e0 50 km\/h, les conditions m\u00e9t\u00e9orologiques s&rsquo;annoncent peu engageantes pour les activit\u00e9s en ext\u00e9rieur. Malgr\u00e9 ces intemp\u00e9ries, certains pourront appr\u00e9cier une relative douceur pour la saison.<\/p>\n\n\n\n<h2 class=\"wp-block-heading\"><strong>Une m\u00e9t\u00e9o instable et de la pluie pour les premiers jours<\/strong><\/h2>\n\n\n\n<p>D\u00e8s le d\u00e9but des<a href=\"https:\/\/econostrum.info\/belgique\/dates-prochaines-vacances-scolaires\/\" data-type=\"post\" data-id=\"5980\"> vacances scolaires<\/a>, une perturbation traverse le pays, apportant des pr\u00e9cipitations fr\u00e9quentes et un ciel souvent couvert. Les pr\u00e9cipitations sont particuli\u00e8rement pr\u00e9sentes dans l\u2019ouest et le centre de la Belgique, o\u00f9 l&rsquo;on enregistre des cumuls significatifs. Les temp\u00e9ratures restent cependant sup\u00e9rieures aux normales saisonni\u00e8res, avec des valeurs oscillant entre 9 et 13\u00b0C en journ\u00e9e.<\/p>\n\n\n\n<p>Le vent, bien que mod\u00e9r\u00e9 dans l\u2019ensemble, se manifeste par des rafales atteignant les 50 km\/h, notamment sur les hauteurs et le long du littoral. Cette situation est due \u00e0 un flux oc\u00e9anique perturb\u00e9 qui favorise une succession de fronts apportant humidit\u00e9 et vent. En soir\u00e9e, la tendance reste similaire avec un ciel charg\u00e9 et des pr\u00e9cipitations \u00e9parses, sans am\u00e9lioration notable.<\/p>\n\n\n\n<p>Les pr\u00e9visions indiquent que cette instabilit\u00e9 devrait se poursuivre au moins durant les premiers jours des cong\u00e9s. Les matin\u00e9es seront marqu\u00e9es par une couverture nuageuse dense, limitant les \u00e9claircies et prolongeant la sensation de grisaille. Si certaines accalmies sont attendues en journ\u00e9e, elles seront de courte dur\u00e9e avant le retour des averses.<\/p>\n\n\n\n<h2 class=\"wp-block-heading\"><strong>Des conditions variables selon les r\u00e9gions<\/strong><\/h2>\n\n\n\n<p>Si la pluie domine sur une large partie du territoire, certaines r\u00e9gions connaissent une m\u00e9t\u00e9o plus contrast\u00e9e. Dans les <a href=\"https:\/\/econostrum.info\/belgique\/immobilieriprovince-liege-prix\/\" data-type=\"post\" data-id=\"101525\">provinces de Li\u00e8ge<\/a> et du Luxembourg, quelques \u00e9claircies font leur apparition, bien que les averses restent possibles, notamment en fin de journ\u00e9e. Dans le nord du pays, la grisaille persiste avec des p\u00e9riodes de pr\u00e9cipitations plus marqu\u00e9es.<\/p>\n\n\n\n<p>Le littoral subit une influence maritime plus marqu\u00e9e, avec des pluies r\u00e9guli\u00e8res et un vent parfois plus soutenu. \u00c0 l\u2019inverse, dans certaines zones abrit\u00e9es de l\u2019Ardenne, le vent est moins ressenti, bien que les temp\u00e9ratures y soient l\u00e9g\u00e8rement plus fra\u00eeches. Ces contrastes r\u00e9gionaux t\u00e9moignent d\u2019une situation m\u00e9t\u00e9orologique complexe, typique d\u2019une <strong>fin d\u2019hiver en Belgique.<\/strong><\/p>\n\n\n\n<p>Dans certaines localit\u00e9s, les pr\u00e9visions sugg\u00e8rent des diff\u00e9rences notables d\u2019un jour \u00e0 l\u2019autre, rendant difficile l\u2019organisation d\u2019activit\u00e9s ext\u00e9rieures. Par exemple, la r\u00e9gion de Namur pourrait conna\u00eetre des p\u00e9riodes d\u2019accalmie plus longues, tandis que Bruxelles resterait sous l\u2019influence de pr\u00e9cipitations intermittentes. Les variations de temp\u00e9rature joueront \u00e9galement un r\u00f4le, influen\u00e7ant la sensation de froid selon l\u2019exposition au vent et l\u2019humidit\u00e9 ambiante. <\/p>\n","protected":false},"excerpt":{"rendered":"<p>Les vacances de Carnaval en Belgique d\u00e9butent sous la pluie, avec des temp\u00e9ratures douces, mais un vent soutenu, rendant les sorties ext\u00e9rieures peu agr\u00e9ables.<\/p>\n","protected":false},"author":35,"featured_media":557,"comment_status":"open","ping_status":"closed","sticky":false,"template":"","format":"standard","meta":{"footnotes":""},"categories":[19],"tags":[],"class_list":["post-101736","post","type-post","status-publish","format-standard","has-post-thumbnail","hentry","category-meteo","generate-columns","tablet-grid-50","mobile-grid-100","grid-parent","grid-33","no-featured-image-padding"],"_links":{"self":[{"href":"https:\/\/econostrum.info\/belgique\/wp-json\/wp\/v2\/posts\/101736","targetHints":{"allow":["GET"]}}],"collection":[{"href":"https:\/\/econostrum.info\/belgique\/wp-json\/wp\/v2\/posts"}],"about":[{"href":"https:\/\/econostrum.info\/belgique\/wp-json\/wp\/v2\/types\/post"}],"author":[{"embeddable":true,"href":"https:\/\/econostrum.info\/belgique\/wp-json\/wp\/v2\/users\/35"}],"replies":[{"embeddable":true,"href":"https:\/\/econostrum.info\/belgique\/wp-json\/wp\/v2\/comments?post=101736"}],"version-history":[{"count":1,"href":"https:\/\/econostrum.info\/belgique\/wp-json\/wp\/v2\/posts\/101736\/revisions"}],"predecessor-version":[{"id":101738,"href":"https:\/\/econostrum.info\/belgique\/wp-json\/wp\/v2\/posts\/101736\/revisions\/101738"}],"wp:featuredmedia":[{"embeddable":true,"href":"https:\/\/econostrum.info\/belgique\/wp-json\/wp\/v2\/media\/557"}],"wp:attachment":[{"href":"https:\/\/econostrum.info\/belgique\/wp-json\/wp\/v2\/media?parent=101736"}],"wp:term":[{"taxonomy":"category","embeddable":true,"href":"https:\/\/econostrum.info\/belgique\/wp-json\/wp\/v2\/categories?post=101736"},{"taxonomy":"post_tag","embeddable":true,"href":"https:\/\/econostrum.info\/belgique\/wp-json\/wp\/v2\/tags?post=101736"}],"curies":[{"name":"wp","href":"https:\/\/api.w.org\/{rel}","templated":true}]}}